{"id":1212,"date":"2017-12-21T20:35:27","date_gmt":"2017-12-21T19:35:27","guid":{"rendered":"http:\/\/www.taxipmi.com\/wordpress\/?p=1212"},"modified":"2020-03-31T20:08:07","modified_gmt":"2020-03-31T19:08:07","slug":"privatte-transfer-von-palma-flughafen-nach-playa-de-muro","status":"publish","type":"post","link":"https:\/\/www.taxipmi.com\/wordpress\/privatte-transfer-von-palma-flughafen-nach-playa-de-muro\/","title":{"rendered":"Privatte transfer von Palma flughafen nach Playa de muro"},"content":{"rendered":"\n<p>Privatte transfer vom Palma flughafen nach Playa de muro:<\/p>\n\n\n\n<p>Die Fahrt dauert ungef\u00e4hr 50 Minuten, fast die gesamte Fahrt ist eine Autobahn, was sie sehr komfortabel macht. Es gibt verschiedene M\u00f6glichkeiten, den gew\u00fcnschten Fahrzeugtyp auszuw\u00e4hlen:<\/p>\n\n\n\n<p><strong>TAXI:<\/strong><\/p>\n\n\n\n<p>Es ist die billigste Option, aber es ist nur f\u00fcr bis zu 4 Passagiere verf\u00fcgbar. Die Kosten f\u00fcr die Reise betragen 80 \u20ac. Dieser Preis beinhaltet Baby- oder Kindersitze, falls erforderlich.<\/p>\n\n\n\n<figure class=\"wp-block-image size-large is-resized\"><img loading=\"lazy\" decoding=\"async\" src=\"https:\/\/www.taxipmi.com\/wordpress\/wp-content\/uploads\/2020\/03\/PHOTO-2020-03-05-12-08-02-1-1024x768.jpg\" alt=\"TAXI PLAYA DE MURO\" class=\"wp-image-2641\" width=\"504\" height=\"378\" srcset=\"https:\/\/www.taxipmi.com\/wordpress\/wp-content\/uploads\/2020\/03\/PHOTO-2020-03-05-12-08-02-1-1024x768.jpg 1024w, https:\/\/www.taxipmi.com\/wordpress\/wp-content\/uploads\/2020\/03\/PHOTO-2020-03-05-12-08-02-1-300x225.jpg 300w, https:\/\/www.taxipmi.com\/wordpress\/wp-content\/uploads\/2020\/03\/PHOTO-2020-03-05-12-08-02-1-768x576.jpg 768w, https:\/\/www.taxipmi.com\/wordpress\/wp-content\/uploads\/2020\/03\/PHOTO-2020-03-05-12-08-02-1-1536x1152.jpg 1536w, https:\/\/www.taxipmi.com\/wordpress\/wp-content\/uploads\/2020\/03\/PHOTO-2020-03-05-12-08-02-1-400x300.jpg 400w, https:\/\/www.taxipmi.com\/wordpress\/wp-content\/uploads\/2020\/03\/PHOTO-2020-03-05-12-08-02-1.jpg 1600w\" sizes=\"auto, (max-width: 504px) 100vw, 504px\" \/><figcaption>TAXI 4 PAX<\/figcaption><\/figure>\n\n\n\n<p><strong>MINIVAN:<\/strong><\/p>\n\n\n\n<p>Dieser Fahrzeugtyp bietet Platz f\u00fcr bis zu 7 Passagiere und ist ideal f\u00fcr gro\u00dfe Familien oder Reisende mit viel Gep\u00e4ck. Der Preis betr\u00e4gt 100 \u20ac und genau wie im Taxi sind Kindersitze im Preis inbegriffen.<\/p>\n\n\n\n<figure class=\"wp-block-image size-large is-resized\"><img loading=\"lazy\" decoding=\"async\" src=\"https:\/\/www.taxipmi.com\/wordpress\/wp-content\/uploads\/2020\/03\/minibus2-2.jpg\" alt=\"flughafentransfer mallorca\" class=\"wp-image-2643\" width=\"400\" height=\"300\" srcset=\"https:\/\/www.taxipmi.com\/wordpress\/wp-content\/uploads\/2020\/03\/minibus2-2.jpg 400w, https:\/\/www.taxipmi.com\/wordpress\/wp-content\/uploads\/2020\/03\/minibus2-2-300x225.jpg 300w\" sizes=\"auto, (max-width: 400px) 100vw, 400px\" \/><figcaption>MINIVAN<\/figcaption><\/figure>\n\n\n\n<p><strong>MINIB\u00daS:<\/strong><\/p>\n\n\n\n<p>Es gibt zwei Arten von Kleinbussen, bis zu 10 Passagiere und bis zu 13 Passagiere. Beide sind gleicherma\u00dfen komfortabel und bieten viel Platz f\u00fcr Gep\u00e4ck. Die Preise betragen 115 \u20ac bzw. 130 \u20ac.<\/p>\n\n\n\n<figure class=\"wp-block-image size-large is-resized\"><img loading=\"lazy\" decoding=\"async\" src=\"https:\/\/www.taxipmi.com\/wordpress\/wp-content\/uploads\/2020\/03\/first-class-service-768x1024.jpg\" alt=\"minibus Alcudia\" class=\"wp-image-2644\" width=\"504\" height=\"672\" srcset=\"https:\/\/www.taxipmi.com\/wordpress\/wp-content\/uploads\/2020\/03\/first-class-service-768x1024.jpg 768w, https:\/\/www.taxipmi.com\/wordpress\/wp-content\/uploads\/2020\/03\/first-class-service-225x300.jpg 225w, https:\/\/www.taxipmi.com\/wordpress\/wp-content\/uploads\/2020\/03\/first-class-service.jpg 1024w\" sizes=\"auto, (max-width: 504px) 100vw, 504px\" \/><figcaption>Minib\u00fas 10 pax.<\/figcaption><\/figure>\n\n\n\n<figure class=\"wp-block-image size-large is-resized\"><img loading=\"lazy\" decoding=\"async\" src=\"https:\/\/www.taxipmi.com\/wordpress\/wp-content\/uploads\/2020\/03\/extra-space-in-our-minibuses-1-768x1024.jpg\" alt=\"minibus playa de muro\" class=\"wp-image-2645\" width=\"514\" height=\"688\"\/><figcaption>Minib\u00fas 13 pax.<\/figcaption><\/figure>\n\n\n\n<p>Transfers privados desde el aeropuerto de Palma a Playa de Muro.<\/p>\n\n\n\n<p>La duraci\u00f3n del trayecto es de 50 minutos aproximadamente, casi todo el trayecto es autopista, por lo que resulta muy confortable. Hay varias opciones para elegir el tipo de veh\u00edculo que desee:<\/p>\n\n\n\n<p><strong>TAXI:<\/strong><\/p>\n\n\n\n<p>Se trata de la opci\u00f3n m\u00e1s econ\u00f3mica, pero s\u00f3lo est\u00e1 disponible hasta 4 pasajeros, el coste del trayecto es de 80\u20ac, este precio incluye sillas para beb\u00e9s o ni\u00f1os si fuera necesario.<\/p>\n\n\n\n<p><strong>MINIVAN:<\/strong><\/p>\n\n\n\n<p>Este tipo de veh\u00edculo, es hasta 7 pasajeros y es ideal para familias numerosas o viajeros con mucho equipaje. El precio es de 100\u20ac e igual que en el taxi las sillas para ni\u00f1os van incluidas en el precio.<\/p>\n\n\n\n<p><\/p>\n\n\n\n<p><strong>MINIB\u00daS:<\/strong><\/p>\n\n\n\n<p>Hay dos tipos de minib\u00fas, hasta 10 pasajeros y hasta 13 pasajeros, ambos son igual de confortables y disponen de un gran espacio para el equipaje. los precios son de 115\u20ac y 130\u20ac respectivamente.<\/p>\n\n\n\n<p><\/p>\n\n\n<p>TripAdvisor review:<\/p>\n<p><a id=\"rn524806851\" href=\"https:\/\/www.tripadvisor.es\/ShowUserReviews-g187463-d8646999-r524806851-Taxi_Pmi-Palma_de_Mallorca_Majorca_Balearic_Islands.html#REVIEWS\"><span class=\"noQuotes\">TOP SERVICE<\/span><\/a><\/p>\n<p>Der Fahrer wartete bereits bei unser Ankunft mit einem Schild auf uns, war sehr zuvorkommend und freundlich und ist sehr sicher gefahren.<br \/>Auch die R\u00fcckfahrt zum Flughafen 9 Tage sp\u00e4ter hat excellent geklappt, als wir aus dem Hotel kamen, stand das Taxi schon bereit.<br \/>Der Fahrer war einzigartig, sprach super Englisch und wir unterhielten uns die gesamte Fahrt.<br \/>Ich w\u00fcrde dieses Unternehmen immer wieder buchen.<\/p>\n<p><a href=\"https:\/\/www.taxipmi.com\/de\/\">https:\/\/www.taxipmi.com\/de\/<\/a><\/p>\n\n\n<figure class=\"wp-block-embed-youtube wp-block-embed is-type-video is-provider-youtube wp-embed-aspect-16-9 wp-has-aspect-ratio\"><div class=\"wp-block-embed__wrapper\">\n<iframe loading=\"lazy\" title=\"TAXI PMI | PALMA AIRPORT TAXIS\" width=\"584\" height=\"329\" src=\"https:\/\/www.youtube.com\/embed\/iRwRpeWNNXg?feature=oembed\" frameborder=\"0\" allow=\"accelerometer; autoplay; clipboard-write; encrypted-media; gyroscope; picture-in-picture; web-share\" referrerpolicy=\"strict-origin-when-cross-origin\" allowfullscreen><\/iframe>\n<\/div><\/figure>\n","protected":false},"excerpt":{"rendered":"<p>Privatte transfer vom Palma flughafen nach Playa de muro: Die Fahrt dauert ungef\u00e4hr 50 Minuten, fast die gesamte Fahrt ist eine Autobahn, was sie sehr komfortabel macht. Es gibt verschiedene M\u00f6glichkeiten, den gew\u00fcnschten Fahrzeugtyp auszuw\u00e4hlen: TAXI: Es ist die billigste &hellip; <a href=\"https:\/\/www.taxipmi.com\/wordpress\/privatte-transfer-von-palma-flughafen-nach-playa-de-muro\/\">Sigue leyendo <span class=\"meta-nav\">&rarr;<\/span><\/a><\/p>\n","protected":false},"author":1,"featured_media":0,"comment_status":"open","ping_status":"open","sticky":false,"template":"","format":"standard","meta":{"_exactmetrics_skip_tracking":false,"_exactmetrics_sitenote_active":false,"_exactmetrics_sitenote_note":"","_exactmetrics_sitenote_category":0,"footnotes":""},"categories":[1],"tags":[15,12,30,9],"class_list":["post-1212","post","type-post","status-publish","format-standard","hentry","category-taxi-mallorca","tag-flughafen","tag-palma","tag-playa-de-muro","tag-taxi"],"yoast_head":"<!-- This site is optimized with the Yoast SEO plugin v27.5 - https:\/\/yoast.com\/product\/yoast-seo-wordpress\/ -->\n<title>Privatte transfer von Palma flughafen nach Playa de muro -<\/title>\n<meta name=\"description\" content=\"Privatte transfer von Palma flughafen nach Playa de muro mit taxi, minivan und minibus und kleinbus. flughafentransfers auf Mallorca.\" \/>\n<meta name=\"robots\" content=\"index, follow, max-snippet:-1, max-image-preview:large, max-video-preview:-1\" \/>\n<link rel=\"canonical\" href=\"https:\/\/www.taxipmi.com\/wordpress\/privatte-transfer-von-palma-flughafen-nach-playa-de-muro\/\" \/>\n<meta property=\"og:locale\" content=\"es_ES\" \/>\n<meta property=\"og:type\" content=\"article\" \/>\n<meta property=\"og:title\" content=\"Privatte transfer von Palma flughafen nach Playa de muro -\" \/>\n<meta property=\"og:description\" content=\"Privatte transfer von Palma flughafen nach Playa de muro mit taxi, minivan und minibus und kleinbus. flughafentransfers auf Mallorca.\" \/>\n<meta property=\"og:url\" content=\"https:\/\/www.taxipmi.com\/wordpress\/privatte-transfer-von-palma-flughafen-nach-playa-de-muro\/\" \/>\n<meta property=\"og:site_name\" content=\"TAXI PMI - Taxi Mallorca\" \/>\n<meta property=\"article:publisher\" content=\"https:\/\/www.facebook.com\/TAXIPMI\/\" \/>\n<meta property=\"article:published_time\" content=\"2017-12-21T19:35:27+00:00\" \/>\n<meta property=\"article:modified_time\" content=\"2020-03-31T19:08:07+00:00\" \/>\n<meta property=\"og:image\" content=\"https:\/\/www.taxipmi.com\/wordpress\/wp-content\/uploads\/2020\/03\/PHOTO-2020-03-05-12-08-02-1-1024x768.jpg\" \/>\n<meta name=\"author\" content=\"Alfonso\" \/>\n<meta name=\"twitter:card\" content=\"summary_large_image\" \/>\n<meta name=\"twitter:creator\" content=\"@taxipmi\" \/>\n<meta name=\"twitter:site\" content=\"@taxipmi\" \/>\n<meta name=\"twitter:label1\" content=\"Escrito por\" \/>\n\t<meta name=\"twitter:data1\" content=\"Alfonso\" \/>\n\t<meta name=\"twitter:label2\" content=\"Tiempo de lectura\" \/>\n\t<meta name=\"twitter:data2\" content=\"2 minutos\" \/>\n<script type=\"application\/ld+json\" class=\"yoast-schema-graph\">{\"@context\":\"https:\\\/\\\/schema.org\",\"@graph\":[{\"@type\":\"Article\",\"@id\":\"https:\\\/\\\/www.taxipmi.com\\\/wordpress\\\/privatte-transfer-von-palma-flughafen-nach-playa-de-muro\\\/#article\",\"isPartOf\":{\"@id\":\"https:\\\/\\\/www.taxipmi.com\\\/wordpress\\\/privatte-transfer-von-palma-flughafen-nach-playa-de-muro\\\/\"},\"author\":{\"name\":\"Alfonso\",\"@id\":\"https:\\\/\\\/www.taxipmi.com\\\/wordpress\\\/#\\\/schema\\\/person\\\/ea7624966985bd37ca8de7bac9f84997\"},\"headline\":\"Privatte transfer von Palma flughafen nach Playa de muro\",\"datePublished\":\"2017-12-21T19:35:27+00:00\",\"dateModified\":\"2020-03-31T19:08:07+00:00\",\"mainEntityOfPage\":{\"@id\":\"https:\\\/\\\/www.taxipmi.com\\\/wordpress\\\/privatte-transfer-von-palma-flughafen-nach-playa-de-muro\\\/\"},\"wordCount\":395,\"commentCount\":0,\"publisher\":{\"@id\":\"https:\\\/\\\/www.taxipmi.com\\\/wordpress\\\/#organization\"},\"image\":{\"@id\":\"https:\\\/\\\/www.taxipmi.com\\\/wordpress\\\/privatte-transfer-von-palma-flughafen-nach-playa-de-muro\\\/#primaryimage\"},\"thumbnailUrl\":\"https:\\\/\\\/www.taxipmi.com\\\/wordpress\\\/wp-content\\\/uploads\\\/2020\\\/03\\\/PHOTO-2020-03-05-12-08-02-1-1024x768.jpg\",\"keywords\":[\"flughafen\",\"Palma\",\"PLAYA DE MURO\",\"Taxi\"],\"articleSection\":[\"PALMA AIRPORT TRANSFERS\"],\"inLanguage\":\"es\",\"potentialAction\":[{\"@type\":\"CommentAction\",\"name\":\"Comment\",\"target\":[\"https:\\\/\\\/www.taxipmi.com\\\/wordpress\\\/privatte-transfer-von-palma-flughafen-nach-playa-de-muro\\\/#respond\"]}]},{\"@type\":\"WebPage\",\"@id\":\"https:\\\/\\\/www.taxipmi.com\\\/wordpress\\\/privatte-transfer-von-palma-flughafen-nach-playa-de-muro\\\/\",\"url\":\"https:\\\/\\\/www.taxipmi.com\\\/wordpress\\\/privatte-transfer-von-palma-flughafen-nach-playa-de-muro\\\/\",\"name\":\"Privatte transfer von Palma flughafen nach Playa de muro -\",\"isPartOf\":{\"@id\":\"https:\\\/\\\/www.taxipmi.com\\\/wordpress\\\/#website\"},\"primaryImageOfPage\":{\"@id\":\"https:\\\/\\\/www.taxipmi.com\\\/wordpress\\\/privatte-transfer-von-palma-flughafen-nach-playa-de-muro\\\/#primaryimage\"},\"image\":{\"@id\":\"https:\\\/\\\/www.taxipmi.com\\\/wordpress\\\/privatte-transfer-von-palma-flughafen-nach-playa-de-muro\\\/#primaryimage\"},\"thumbnailUrl\":\"https:\\\/\\\/www.taxipmi.com\\\/wordpress\\\/wp-content\\\/uploads\\\/2020\\\/03\\\/PHOTO-2020-03-05-12-08-02-1-1024x768.jpg\",\"datePublished\":\"2017-12-21T19:35:27+00:00\",\"dateModified\":\"2020-03-31T19:08:07+00:00\",\"description\":\"Privatte transfer von Palma flughafen nach Playa de muro mit taxi, minivan und minibus und kleinbus. flughafentransfers auf Mallorca.\",\"breadcrumb\":{\"@id\":\"https:\\\/\\\/www.taxipmi.com\\\/wordpress\\\/privatte-transfer-von-palma-flughafen-nach-playa-de-muro\\\/#breadcrumb\"},\"inLanguage\":\"es\",\"potentialAction\":[{\"@type\":\"ReadAction\",\"target\":[\"https:\\\/\\\/www.taxipmi.com\\\/wordpress\\\/privatte-transfer-von-palma-flughafen-nach-playa-de-muro\\\/\"]}]},{\"@type\":\"ImageObject\",\"inLanguage\":\"es\",\"@id\":\"https:\\\/\\\/www.taxipmi.com\\\/wordpress\\\/privatte-transfer-von-palma-flughafen-nach-playa-de-muro\\\/#primaryimage\",\"url\":\"https:\\\/\\\/www.taxipmi.com\\\/wordpress\\\/wp-content\\\/uploads\\\/2020\\\/03\\\/PHOTO-2020-03-05-12-08-02-1.jpg\",\"contentUrl\":\"https:\\\/\\\/www.taxipmi.com\\\/wordpress\\\/wp-content\\\/uploads\\\/2020\\\/03\\\/PHOTO-2020-03-05-12-08-02-1.jpg\",\"width\":1600,\"height\":1200},{\"@type\":\"BreadcrumbList\",\"@id\":\"https:\\\/\\\/www.taxipmi.com\\\/wordpress\\\/privatte-transfer-von-palma-flughafen-nach-playa-de-muro\\\/#breadcrumb\",\"itemListElement\":[{\"@type\":\"ListItem\",\"position\":1,\"name\":\"Portada\",\"item\":\"https:\\\/\\\/www.taxipmi.com\\\/wordpress\\\/\"},{\"@type\":\"ListItem\",\"position\":2,\"name\":\"Privatte transfer von Palma flughafen nach Playa de muro\"}]},{\"@type\":\"WebSite\",\"@id\":\"https:\\\/\\\/www.taxipmi.com\\\/wordpress\\\/#website\",\"url\":\"https:\\\/\\\/www.taxipmi.com\\\/wordpress\\\/\",\"name\":\"TAXI PMI - Taxi Mallorca\",\"description\":\"Taxi Palma airport - Taxi Palma flughafen\",\"publisher\":{\"@id\":\"https:\\\/\\\/www.taxipmi.com\\\/wordpress\\\/#organization\"},\"potentialAction\":[{\"@type\":\"SearchAction\",\"target\":{\"@type\":\"EntryPoint\",\"urlTemplate\":\"https:\\\/\\\/www.taxipmi.com\\\/wordpress\\\/?s={search_term_string}\"},\"query-input\":{\"@type\":\"PropertyValueSpecification\",\"valueRequired\":true,\"valueName\":\"search_term_string\"}}],\"inLanguage\":\"es\"},{\"@type\":\"Organization\",\"@id\":\"https:\\\/\\\/www.taxipmi.com\\\/wordpress\\\/#organization\",\"name\":\"PMI TRANSFERS SL\",\"url\":\"https:\\\/\\\/www.taxipmi.com\\\/wordpress\\\/\",\"logo\":{\"@type\":\"ImageObject\",\"inLanguage\":\"es\",\"@id\":\"https:\\\/\\\/www.taxipmi.com\\\/wordpress\\\/#\\\/schema\\\/logo\\\/image\\\/\",\"url\":\"https:\\\/\\\/www.taxipmi.com\\\/wordpress\\\/wp-content\\\/uploads\\\/2020\\\/03\\\/taxi-pmi.jpg\",\"contentUrl\":\"https:\\\/\\\/www.taxipmi.com\\\/wordpress\\\/wp-content\\\/uploads\\\/2020\\\/03\\\/taxi-pmi.jpg\",\"width\":600,\"height\":600,\"caption\":\"PMI TRANSFERS SL\"},\"image\":{\"@id\":\"https:\\\/\\\/www.taxipmi.com\\\/wordpress\\\/#\\\/schema\\\/logo\\\/image\\\/\"},\"sameAs\":[\"https:\\\/\\\/www.facebook.com\\\/TAXIPMI\\\/\",\"https:\\\/\\\/x.com\\\/taxipmi\",\"https:\\\/\\\/www.instagram.com\\\/taxispmi\\\/\",\"https:\\\/\\\/www.linkedin.com\\\/in\\\/alfonsopmi\\\/\",\"https:\\\/\\\/www.youtube.com\\\/watch?v=iRwRpeWNNXg\"]},{\"@type\":\"Person\",\"@id\":\"https:\\\/\\\/www.taxipmi.com\\\/wordpress\\\/#\\\/schema\\\/person\\\/ea7624966985bd37ca8de7bac9f84997\",\"name\":\"Alfonso\",\"image\":{\"@type\":\"ImageObject\",\"inLanguage\":\"es\",\"@id\":\"https:\\\/\\\/secure.gravatar.com\\\/avatar\\\/677cd0c4c1958c14f7a10c6b5500959ed45d4d2de04c41d9f104df2218fa4d6c?s=96&d=mm&r=g\",\"url\":\"https:\\\/\\\/secure.gravatar.com\\\/avatar\\\/677cd0c4c1958c14f7a10c6b5500959ed45d4d2de04c41d9f104df2218fa4d6c?s=96&d=mm&r=g\",\"contentUrl\":\"https:\\\/\\\/secure.gravatar.com\\\/avatar\\\/677cd0c4c1958c14f7a10c6b5500959ed45d4d2de04c41d9f104df2218fa4d6c?s=96&d=mm&r=g\",\"caption\":\"Alfonso\"},\"sameAs\":[\"https:\\\/\\\/www.taxipmi.com\"]}]}<\/script>\n<!-- \/ Yoast SEO plugin. -->","yoast_head_json":{"title":"Privatte transfer von Palma flughafen nach Playa de muro -","description":"Privatte transfer von Palma flughafen nach Playa de muro mit taxi, minivan und minibus und kleinbus. flughafentransfers auf Mallorca.","robots":{"index":"index","follow":"follow","max-snippet":"max-snippet:-1","max-image-preview":"max-image-preview:large","max-video-preview":"max-video-preview:-1"},"canonical":"https:\/\/www.taxipmi.com\/wordpress\/privatte-transfer-von-palma-flughafen-nach-playa-de-muro\/","og_locale":"es_ES","og_type":"article","og_title":"Privatte transfer von Palma flughafen nach Playa de muro -","og_description":"Privatte transfer von Palma flughafen nach Playa de muro mit taxi, minivan und minibus und kleinbus. flughafentransfers auf Mallorca.","og_url":"https:\/\/www.taxipmi.com\/wordpress\/privatte-transfer-von-palma-flughafen-nach-playa-de-muro\/","og_site_name":"TAXI PMI - Taxi Mallorca","article_publisher":"https:\/\/www.facebook.com\/TAXIPMI\/","article_published_time":"2017-12-21T19:35:27+00:00","article_modified_time":"2020-03-31T19:08:07+00:00","og_image":[{"url":"https:\/\/www.taxipmi.com\/wordpress\/wp-content\/uploads\/2020\/03\/PHOTO-2020-03-05-12-08-02-1-1024x768.jpg","type":"","width":"","height":""}],"author":"Alfonso","twitter_card":"summary_large_image","twitter_creator":"@taxipmi","twitter_site":"@taxipmi","twitter_misc":{"Escrito por":"Alfonso","Tiempo de lectura":"2 minutos"},"schema":{"@context":"https:\/\/schema.org","@graph":[{"@type":"Article","@id":"https:\/\/www.taxipmi.com\/wordpress\/privatte-transfer-von-palma-flughafen-nach-playa-de-muro\/#article","isPartOf":{"@id":"https:\/\/www.taxipmi.com\/wordpress\/privatte-transfer-von-palma-flughafen-nach-playa-de-muro\/"},"author":{"name":"Alfonso","@id":"https:\/\/www.taxipmi.com\/wordpress\/#\/schema\/person\/ea7624966985bd37ca8de7bac9f84997"},"headline":"Privatte transfer von Palma flughafen nach Playa de muro","datePublished":"2017-12-21T19:35:27+00:00","dateModified":"2020-03-31T19:08:07+00:00","mainEntityOfPage":{"@id":"https:\/\/www.taxipmi.com\/wordpress\/privatte-transfer-von-palma-flughafen-nach-playa-de-muro\/"},"wordCount":395,"commentCount":0,"publisher":{"@id":"https:\/\/www.taxipmi.com\/wordpress\/#organization"},"image":{"@id":"https:\/\/www.taxipmi.com\/wordpress\/privatte-transfer-von-palma-flughafen-nach-playa-de-muro\/#primaryimage"},"thumbnailUrl":"https:\/\/www.taxipmi.com\/wordpress\/wp-content\/uploads\/2020\/03\/PHOTO-2020-03-05-12-08-02-1-1024x768.jpg","keywords":["flughafen","Palma","PLAYA DE MURO","Taxi"],"articleSection":["PALMA AIRPORT TRANSFERS"],"inLanguage":"es","potentialAction":[{"@type":"CommentAction","name":"Comment","target":["https:\/\/www.taxipmi.com\/wordpress\/privatte-transfer-von-palma-flughafen-nach-playa-de-muro\/#respond"]}]},{"@type":"WebPage","@id":"https:\/\/www.taxipmi.com\/wordpress\/privatte-transfer-von-palma-flughafen-nach-playa-de-muro\/","url":"https:\/\/www.taxipmi.com\/wordpress\/privatte-transfer-von-palma-flughafen-nach-playa-de-muro\/","name":"Privatte transfer von Palma flughafen nach Playa de muro -","isPartOf":{"@id":"https:\/\/www.taxipmi.com\/wordpress\/#website"},"primaryImageOfPage":{"@id":"https:\/\/www.taxipmi.com\/wordpress\/privatte-transfer-von-palma-flughafen-nach-playa-de-muro\/#primaryimage"},"image":{"@id":"https:\/\/www.taxipmi.com\/wordpress\/privatte-transfer-von-palma-flughafen-nach-playa-de-muro\/#primaryimage"},"thumbnailUrl":"https:\/\/www.taxipmi.com\/wordpress\/wp-content\/uploads\/2020\/03\/PHOTO-2020-03-05-12-08-02-1-1024x768.jpg","datePublished":"2017-12-21T19:35:27+00:00","dateModified":"2020-03-31T19:08:07+00:00","description":"Privatte transfer von Palma flughafen nach Playa de muro mit taxi, minivan und minibus und kleinbus. flughafentransfers auf Mallorca.","breadcrumb":{"@id":"https:\/\/www.taxipmi.com\/wordpress\/privatte-transfer-von-palma-flughafen-nach-playa-de-muro\/#breadcrumb"},"inLanguage":"es","potentialAction":[{"@type":"ReadAction","target":["https:\/\/www.taxipmi.com\/wordpress\/privatte-transfer-von-palma-flughafen-nach-playa-de-muro\/"]}]},{"@type":"ImageObject","inLanguage":"es","@id":"https:\/\/www.taxipmi.com\/wordpress\/privatte-transfer-von-palma-flughafen-nach-playa-de-muro\/#primaryimage","url":"https:\/\/www.taxipmi.com\/wordpress\/wp-content\/uploads\/2020\/03\/PHOTO-2020-03-05-12-08-02-1.jpg","contentUrl":"https:\/\/www.taxipmi.com\/wordpress\/wp-content\/uploads\/2020\/03\/PHOTO-2020-03-05-12-08-02-1.jpg","width":1600,"height":1200},{"@type":"BreadcrumbList","@id":"https:\/\/www.taxipmi.com\/wordpress\/privatte-transfer-von-palma-flughafen-nach-playa-de-muro\/#breadcrumb","itemListElement":[{"@type":"ListItem","position":1,"name":"Portada","item":"https:\/\/www.taxipmi.com\/wordpress\/"},{"@type":"ListItem","position":2,"name":"Privatte transfer von Palma flughafen nach Playa de muro"}]},{"@type":"WebSite","@id":"https:\/\/www.taxipmi.com\/wordpress\/#website","url":"https:\/\/www.taxipmi.com\/wordpress\/","name":"TAXI PMI - Taxi Mallorca","description":"Taxi Palma airport - Taxi Palma flughafen","publisher":{"@id":"https:\/\/www.taxipmi.com\/wordpress\/#organization"},"potentialAction":[{"@type":"SearchAction","target":{"@type":"EntryPoint","urlTemplate":"https:\/\/www.taxipmi.com\/wordpress\/?s={search_term_string}"},"query-input":{"@type":"PropertyValueSpecification","valueRequired":true,"valueName":"search_term_string"}}],"inLanguage":"es"},{"@type":"Organization","@id":"https:\/\/www.taxipmi.com\/wordpress\/#organization","name":"PMI TRANSFERS SL","url":"https:\/\/www.taxipmi.com\/wordpress\/","logo":{"@type":"ImageObject","inLanguage":"es","@id":"https:\/\/www.taxipmi.com\/wordpress\/#\/schema\/logo\/image\/","url":"https:\/\/www.taxipmi.com\/wordpress\/wp-content\/uploads\/2020\/03\/taxi-pmi.jpg","contentUrl":"https:\/\/www.taxipmi.com\/wordpress\/wp-content\/uploads\/2020\/03\/taxi-pmi.jpg","width":600,"height":600,"caption":"PMI TRANSFERS SL"},"image":{"@id":"https:\/\/www.taxipmi.com\/wordpress\/#\/schema\/logo\/image\/"},"sameAs":["https:\/\/www.facebook.com\/TAXIPMI\/","https:\/\/x.com\/taxipmi","https:\/\/www.instagram.com\/taxispmi\/","https:\/\/www.linkedin.com\/in\/alfonsopmi\/","https:\/\/www.youtube.com\/watch?v=iRwRpeWNNXg"]},{"@type":"Person","@id":"https:\/\/www.taxipmi.com\/wordpress\/#\/schema\/person\/ea7624966985bd37ca8de7bac9f84997","name":"Alfonso","image":{"@type":"ImageObject","inLanguage":"es","@id":"https:\/\/secure.gravatar.com\/avatar\/677cd0c4c1958c14f7a10c6b5500959ed45d4d2de04c41d9f104df2218fa4d6c?s=96&d=mm&r=g","url":"https:\/\/secure.gravatar.com\/avatar\/677cd0c4c1958c14f7a10c6b5500959ed45d4d2de04c41d9f104df2218fa4d6c?s=96&d=mm&r=g","contentUrl":"https:\/\/secure.gravatar.com\/avatar\/677cd0c4c1958c14f7a10c6b5500959ed45d4d2de04c41d9f104df2218fa4d6c?s=96&d=mm&r=g","caption":"Alfonso"},"sameAs":["https:\/\/www.taxipmi.com"]}]}},"_links":{"self":[{"href":"https:\/\/www.taxipmi.com\/wordpress\/wp-json\/wp\/v2\/posts\/1212","targetHints":{"allow":["GET"]}}],"collection":[{"href":"https:\/\/www.taxipmi.com\/wordpress\/wp-json\/wp\/v2\/posts"}],"about":[{"href":"https:\/\/www.taxipmi.com\/wordpress\/wp-json\/wp\/v2\/types\/post"}],"author":[{"embeddable":true,"href":"https:\/\/www.taxipmi.com\/wordpress\/wp-json\/wp\/v2\/users\/1"}],"replies":[{"embeddable":true,"href":"https:\/\/www.taxipmi.com\/wordpress\/wp-json\/wp\/v2\/comments?post=1212"}],"version-history":[{"count":2,"href":"https:\/\/www.taxipmi.com\/wordpress\/wp-json\/wp\/v2\/posts\/1212\/revisions"}],"predecessor-version":[{"id":2646,"href":"https:\/\/www.taxipmi.com\/wordpress\/wp-json\/wp\/v2\/posts\/1212\/revisions\/2646"}],"wp:attachment":[{"href":"https:\/\/www.taxipmi.com\/wordpress\/wp-json\/wp\/v2\/media?parent=1212"}],"wp:term":[{"taxonomy":"category","embeddable":true,"href":"https:\/\/www.taxipmi.com\/wordpress\/wp-json\/wp\/v2\/categories?post=1212"},{"taxonomy":"post_tag","embeddable":true,"href":"https:\/\/www.taxipmi.com\/wordpress\/wp-json\/wp\/v2\/tags?post=1212"}],"curies":[{"name":"wp","href":"https:\/\/api.w.org\/{rel}","templated":true}]}}