{"id":214,"date":"2017-02-11T12:56:30","date_gmt":"2017-02-11T11:56:30","guid":{"rendered":"http:\/\/www.taxipmi.com\/wordpress\/?p=214"},"modified":"2020-06-16T08:39:52","modified_gmt":"2020-06-16T07:39:52","slug":"taxi-mallorca-flughafen","status":"publish","type":"post","link":"https:\/\/www.taxipmi.com\/wordpress\/taxi-mallorca-flughafen\/","title":{"rendered":"Taxi Mallorca flughafen"},"content":{"rendered":"\n<p>Taxi Mallorca ist die am h\u00e4ufigsten verwendete Kombination von Begriffen f\u00fcr die Suche nach Taxidiensten auf Mallorca, insbesondere f\u00fcr Touristen, die zwischen April und Oktober ihren Urlaub auf Mallorca verbringen. Bitte vergleichen Sie mehrere Unternehmen, um die richtige Option zu finden. Behalten Sie nicht die erste Option bei, die Sie finden. Bei TAXI PMI empfehlen wir Ihnen, die folgenden Punkte zu beachten:<\/p>\n\n\n\n<ul class=\"wp-block-list\"><li>Fahrzeugtyp, perfekte Gr\u00f6\u00dfe f\u00fcr Passagiere und Gep\u00e4ck.<\/li><li>Freie und Sicherheitsbucht Sitze.<\/li><li>Professionelle Fahrer unter Einhaltung von Regeln und Geschwindigkeitsbegrenzungen.<\/li><li>Sie werden am Flughafen, am Treffpunkt, auf Sie warten.<\/li><li>Stellen Sie sicher, dass Ihr R\u00fccktransferservice bei Bedarf bereitgestellt werden kann, da es auf Mallorca sehr versteckte Orte gibt, die schwer zu finden sind und einen schlechten Zugang haben.<\/li><li>Das Unternehmen muss Ihre Abholung am Tag vor der R\u00fcckkehr zum Flughafen Palma best\u00e4tigen.<\/li><li>Payment options, cash, card or in advance online payment.<\/li><li>Bitte lesen Sie die Stornierungsbedingungen.<\/li><li>Schauen Sie sich die Bewertungen auf TripAdvisor \u00fcber Unternehmen an.<\/li><li>Angemessene Preise, es gibt viele Unternehmen mit hohen Preisen, weil es Provisionen gibt.<\/li><li>Buchen Sie immer direkt bei lokalen Unternehmen.<\/li><\/ul>\n\n\n\n<p>TAXI PMI bietet den besten privaten Transferservice auf Mallorca, der von Tausenden von Kunden gebucht wurde, die ihre Erfahrung mit uns als ausgezeichnet sch\u00e4tzten. <a href=\"http:\/\/www.tripadvisor.com\/Attraction_Review-d8646999\">http:\/\/www.tripadvisor.com\/Attraction_Review-d8646999<\/a><\/p>\n\n\n\n<p>TAXI PMI Mallorca bietet Taxi, Minivan und Minibus Service zum und vom Flughafen Palma de Mallorca. Betreten Sie unsere Website und lesen Sie die von uns angebotenen Dienstleistungen sorgf\u00e4ltig durch.<\/p>\n\n\n\n<p>Wir stellen dieses Video zur Verf\u00fcgung, um zu sehen, wie unser Service am Flughafen Palma ist:<\/p>\n\n\n\n<figure class=\"wp-block-embed-youtube wp-block-embed is-type-video is-provider-youtube wp-embed-aspect-16-9 wp-has-aspect-ratio\"><div class=\"wp-block-embed__wrapper\">\n<iframe loading=\"lazy\" title=\"TAXI PMI | PALMA AIRPORT TAXIS\" width=\"584\" height=\"329\" src=\"https:\/\/www.youtube.com\/embed\/iRwRpeWNNXg?feature=oembed\" frameborder=\"0\" allow=\"accelerometer; autoplay; clipboard-write; encrypted-media; gyroscope; picture-in-picture; web-share\" referrerpolicy=\"strict-origin-when-cross-origin\" allowfullscreen><\/iframe>\n<\/div><figcaption>TAXI MALLORCA<\/figcaption><\/figure>\n\n\n\n<p>Sie m\u00fcssen sich nicht mehr am Flughafen Palma de Mallorca anstellen, um ein Taxi zu nehmen. Sie k\u00f6nnen eines im Voraus \u00fcber unsere Website buchen. Fordern Sie bei Bedarf auch Baby- oder Kindersitze an, es fallen keine zus\u00e4tzlichen Kosten an. \u00dcberpr\u00fcfen Sie unsere Preise hier <a href=\"https:\/\/www.taxipmi.com\/de\/fahrpreis.php\"><\/a><a href=\"https:\/\/www.taxipmi.com\/de\/fahrpreis.php\">https:\/\/www.taxipmi.com\/de\/fahrpreis.php<\/a><\/p>\n\n\n\n<p>Um online zu buchen, m\u00fcssen Sie ein einfaches Formular auf unserer Website ausf\u00fcllen. Im ersten Schritt werden nur Fluginformationen, das Ziel auf Mallorca und die Anzahl der Personen angefordert. Im zweiten und letzten Schritt erhalten Sie vom System automatisch eine Auswahl. Die Betriebszeit kann auf Wunsch ge\u00e4ndert werden. In diesem Schritt k\u00f6nnen Sie Baby- und Kindersitze sowie zus\u00e4tzliches Gep\u00e4ck als Fahrr\u00e4der ausw\u00e4hlen.<\/p>\n\n\n\n<figure class=\"wp-block-image size-large\"><img loading=\"lazy\" decoding=\"async\" width=\"1024\" height=\"545\" src=\"https:\/\/www.taxipmi.com\/wordpress\/wp-content\/uploads\/2020\/06\/PHOTO-2020-03-05-11-42-29-2-5-1024x545.jpg\" alt=\"TAXI MALLORCA PMI\" class=\"wp-image-3153\" srcset=\"https:\/\/www.taxipmi.com\/wordpress\/wp-content\/uploads\/2020\/06\/PHOTO-2020-03-05-11-42-29-2-5-1024x545.jpg 1024w, https:\/\/www.taxipmi.com\/wordpress\/wp-content\/uploads\/2020\/06\/PHOTO-2020-03-05-11-42-29-2-5-300x160.jpg 300w, https:\/\/www.taxipmi.com\/wordpress\/wp-content\/uploads\/2020\/06\/PHOTO-2020-03-05-11-42-29-2-5-768x409.jpg 768w, https:\/\/www.taxipmi.com\/wordpress\/wp-content\/uploads\/2020\/06\/PHOTO-2020-03-05-11-42-29-2-5-1536x818.jpg 1536w, https:\/\/www.taxipmi.com\/wordpress\/wp-content\/uploads\/2020\/06\/PHOTO-2020-03-05-11-42-29-2-5-500x266.jpg 500w, https:\/\/www.taxipmi.com\/wordpress\/wp-content\/uploads\/2020\/06\/PHOTO-2020-03-05-11-42-29-2-5.jpg 1600w\" sizes=\"auto, (max-width: 1024px) 100vw, 1024px\" \/><figcaption>TAXI MALLORCA<\/figcaption><\/figure>\n\n\n\n<p><strong>Kindersitze:<\/strong><\/p>\n\n\n\n<p>F\u00fcr uns ist Ihre Sicherheit in unseren Autos sehr wichtig. Bitte w\u00e4hlen Sie im zweiten Schritt des Buchungsformulars den entsprechenden Autositz aus:<\/p>\n\n\n\n<p><strong>Art der Kindersitze?<\/strong><\/p>\n\n\n\n<p>Kinder werden wie erwachsene Passagiere eingestuft und nutzen einen ganzen Autositz. Sie m\u00fcssen einen sicheren Kindersitz entsprechend ihrem Alter und Gewicht verwenden. Solange Sie uns diese Informationen auf dem Buchungsformular mitteilen, stellen wir sicher, dass Ihr Transferfahrzeug ohne zus\u00e4tzliche Kosten mit dem entsprechenden Sicherheitsstuhl ausgestattet ist.<\/p>\n\n\n\n<p>Kontaktieren Sie uns: +34627017681 &#8211; info@taxipmi.com, wir beantworten gerne alle Fragen.<\/p>\n\n\n\n<p><strong>Maxicosi:<\/strong><\/p>\n\n\n\n<p>Gruppe 0: Bis zu 6 Motten \/ 0-9 kg \/ 45 &#8211; 75 Zentimeter<\/p>\n\n\n\n<p><strong>Kindersitz:<\/strong><\/p>\n\n\n\n<p>Gruppe 0-1: 6 Monate &#8211; 3 Jahre \/ 9-15 kg \/ 75 &#8211; 105 Zentimeter<\/p>\n\n\n\n<p><strong>Sitzerh\u00f6hung:<\/strong><\/p>\n\n\n\n<p>Gruppe 2-3: 3 Jahre &#8211; 6 Jahre \/ 15-22 kg \/ 105 &#8211; 125 Zentimeter<\/p>\n\n\n\n<p><strong>Sitzerh\u00f6hung:<\/strong><\/p>\n\n\n\n<p>Gruppe 3: 6 Jahre &#8211; 10 Jahre \/ 22-36 kg \/ 125 &#8211; 150 Zentimeter<\/p>\n\n\n\n<figure class=\"wp-block-image size-full is-resized\"><img loading=\"lazy\" decoding=\"async\" src=\"https:\/\/www.taxipmi.com\/wordpress\/wp-content\/uploads\/2020\/06\/21430388_10208536711449470_3421725793473688197_n-1.jpg\" alt=\"Sitzerh\u00f6hung TAXI MALLORCA\" class=\"wp-image-3157\" width=\"510\" height=\"496\"\/><figcaption>Sitzerh\u00f6hung Gruppe 2-3<\/figcaption><\/figure>\n","protected":false},"excerpt":{"rendered":"<p>Taxi Mallorca ist die am h\u00e4ufigsten verwendete Kombination von Begriffen f\u00fcr die Suche nach Taxidiensten auf Mallorca, insbesondere f\u00fcr Touristen, die zwischen April und Oktober ihren Urlaub auf Mallorca verbringen. Bitte vergleichen Sie mehrere Unternehmen, um die richtige Option zu &hellip; <a href=\"https:\/\/www.taxipmi.com\/wordpress\/taxi-mallorca-flughafen\/\">Sigue leyendo <span class=\"meta-nav\">&rarr;<\/span><\/a><\/p>\n","protected":false},"author":1,"featured_media":0,"comment_status":"open","ping_status":"open","sticky":false,"template":"","format":"standard","meta":{"_exactmetrics_skip_tracking":false,"_exactmetrics_sitenote_active":false,"_exactmetrics_sitenote_note":"","_exactmetrics_sitenote_category":0,"footnotes":""},"categories":[1],"tags":[],"class_list":["post-214","post","type-post","status-publish","format-standard","hentry","category-taxi-mallorca"],"yoast_head":"<!-- This site is optimized with the Yoast SEO plugin v27.5 - https:\/\/yoast.com\/product\/yoast-seo-wordpress\/ -->\n<title>Taxi Mallorca flughafen - TAXI PMI - Taxi Mallorca flughafentransfers<\/title>\n<meta name=\"description\" content=\"Taxi Mallorca flughafen mit TAXI PMI. Private Transfers auf Mallorca vom und zum Flughafen in Palma. Wir bieten Fahrten mit Taxi, Minivan und Minibus.\" \/>\n<meta name=\"robots\" content=\"index, follow, max-snippet:-1, max-image-preview:large, max-video-preview:-1\" \/>\n<link rel=\"canonical\" href=\"https:\/\/www.taxipmi.com\/wordpress\/taxi-mallorca-flughafen\/\" \/>\n<meta property=\"og:locale\" content=\"es_ES\" \/>\n<meta property=\"og:type\" content=\"article\" \/>\n<meta property=\"og:title\" content=\"Taxi Mallorca flughafen - TAXI PMI - Taxi Mallorca flughafentransfers\" \/>\n<meta property=\"og:description\" content=\"Taxi Mallorca flughafen mit TAXI PMI. Private Transfers auf Mallorca vom und zum Flughafen in Palma. Wir bieten Fahrten mit Taxi, Minivan und Minibus.\" \/>\n<meta property=\"og:url\" content=\"https:\/\/www.taxipmi.com\/wordpress\/taxi-mallorca-flughafen\/\" \/>\n<meta property=\"og:site_name\" content=\"TAXI PMI - Taxi Mallorca\" \/>\n<meta property=\"article:publisher\" content=\"https:\/\/www.facebook.com\/TAXIPMI\/\" \/>\n<meta property=\"article:published_time\" content=\"2017-02-11T11:56:30+00:00\" \/>\n<meta property=\"article:modified_time\" content=\"2020-06-16T07:39:52+00:00\" \/>\n<meta property=\"og:image\" content=\"https:\/\/www.taxipmi.com\/wordpress\/wp-content\/uploads\/2020\/06\/PHOTO-2020-03-05-11-42-29-2-5-1024x545.jpg\" \/>\n<meta name=\"author\" content=\"Alfonso\" \/>\n<meta name=\"twitter:card\" content=\"summary_large_image\" \/>\n<meta name=\"twitter:creator\" content=\"@taxipmi\" \/>\n<meta name=\"twitter:site\" content=\"@taxipmi\" \/>\n<meta name=\"twitter:label1\" content=\"Escrito por\" \/>\n\t<meta name=\"twitter:data1\" content=\"Alfonso\" \/>\n\t<meta name=\"twitter:label2\" content=\"Tiempo de lectura\" \/>\n\t<meta name=\"twitter:data2\" content=\"3 minutos\" \/>\n<script type=\"application\/ld+json\" class=\"yoast-schema-graph\">{\"@context\":\"https:\\\/\\\/schema.org\",\"@graph\":[{\"@type\":\"Article\",\"@id\":\"https:\\\/\\\/www.taxipmi.com\\\/wordpress\\\/taxi-mallorca-flughafen\\\/#article\",\"isPartOf\":{\"@id\":\"https:\\\/\\\/www.taxipmi.com\\\/wordpress\\\/taxi-mallorca-flughafen\\\/\"},\"author\":{\"name\":\"Alfonso\",\"@id\":\"https:\\\/\\\/www.taxipmi.com\\\/wordpress\\\/#\\\/schema\\\/person\\\/ea7624966985bd37ca8de7bac9f84997\"},\"headline\":\"Taxi Mallorca flughafen\",\"datePublished\":\"2017-02-11T11:56:30+00:00\",\"dateModified\":\"2020-06-16T07:39:52+00:00\",\"mainEntityOfPage\":{\"@id\":\"https:\\\/\\\/www.taxipmi.com\\\/wordpress\\\/taxi-mallorca-flughafen\\\/\"},\"wordCount\":534,\"commentCount\":0,\"publisher\":{\"@id\":\"https:\\\/\\\/www.taxipmi.com\\\/wordpress\\\/#organization\"},\"image\":{\"@id\":\"https:\\\/\\\/www.taxipmi.com\\\/wordpress\\\/taxi-mallorca-flughafen\\\/#primaryimage\"},\"thumbnailUrl\":\"https:\\\/\\\/www.taxipmi.com\\\/wordpress\\\/wp-content\\\/uploads\\\/2020\\\/06\\\/PHOTO-2020-03-05-11-42-29-2-5-1024x545.jpg\",\"articleSection\":[\"PALMA AIRPORT TRANSFERS\"],\"inLanguage\":\"es\",\"potentialAction\":[{\"@type\":\"CommentAction\",\"name\":\"Comment\",\"target\":[\"https:\\\/\\\/www.taxipmi.com\\\/wordpress\\\/taxi-mallorca-flughafen\\\/#respond\"]}]},{\"@type\":\"WebPage\",\"@id\":\"https:\\\/\\\/www.taxipmi.com\\\/wordpress\\\/taxi-mallorca-flughafen\\\/\",\"url\":\"https:\\\/\\\/www.taxipmi.com\\\/wordpress\\\/taxi-mallorca-flughafen\\\/\",\"name\":\"Taxi Mallorca flughafen - TAXI PMI - Taxi Mallorca flughafentransfers\",\"isPartOf\":{\"@id\":\"https:\\\/\\\/www.taxipmi.com\\\/wordpress\\\/#website\"},\"primaryImageOfPage\":{\"@id\":\"https:\\\/\\\/www.taxipmi.com\\\/wordpress\\\/taxi-mallorca-flughafen\\\/#primaryimage\"},\"image\":{\"@id\":\"https:\\\/\\\/www.taxipmi.com\\\/wordpress\\\/taxi-mallorca-flughafen\\\/#primaryimage\"},\"thumbnailUrl\":\"https:\\\/\\\/www.taxipmi.com\\\/wordpress\\\/wp-content\\\/uploads\\\/2020\\\/06\\\/PHOTO-2020-03-05-11-42-29-2-5-1024x545.jpg\",\"datePublished\":\"2017-02-11T11:56:30+00:00\",\"dateModified\":\"2020-06-16T07:39:52+00:00\",\"description\":\"Taxi Mallorca flughafen mit TAXI PMI. Private Transfers auf Mallorca vom und zum Flughafen in Palma. Wir bieten Fahrten mit Taxi, Minivan und Minibus.\",\"breadcrumb\":{\"@id\":\"https:\\\/\\\/www.taxipmi.com\\\/wordpress\\\/taxi-mallorca-flughafen\\\/#breadcrumb\"},\"inLanguage\":\"es\",\"potentialAction\":[{\"@type\":\"ReadAction\",\"target\":[\"https:\\\/\\\/www.taxipmi.com\\\/wordpress\\\/taxi-mallorca-flughafen\\\/\"]}]},{\"@type\":\"ImageObject\",\"inLanguage\":\"es\",\"@id\":\"https:\\\/\\\/www.taxipmi.com\\\/wordpress\\\/taxi-mallorca-flughafen\\\/#primaryimage\",\"url\":\"https:\\\/\\\/www.taxipmi.com\\\/wordpress\\\/wp-content\\\/uploads\\\/2020\\\/06\\\/PHOTO-2020-03-05-11-42-29-2-5.jpg\",\"contentUrl\":\"https:\\\/\\\/www.taxipmi.com\\\/wordpress\\\/wp-content\\\/uploads\\\/2020\\\/06\\\/PHOTO-2020-03-05-11-42-29-2-5.jpg\",\"width\":1600,\"height\":852},{\"@type\":\"BreadcrumbList\",\"@id\":\"https:\\\/\\\/www.taxipmi.com\\\/wordpress\\\/taxi-mallorca-flughafen\\\/#breadcrumb\",\"itemListElement\":[{\"@type\":\"ListItem\",\"position\":1,\"name\":\"Portada\",\"item\":\"https:\\\/\\\/www.taxipmi.com\\\/wordpress\\\/\"},{\"@type\":\"ListItem\",\"position\":2,\"name\":\"Taxi Mallorca flughafen\"}]},{\"@type\":\"WebSite\",\"@id\":\"https:\\\/\\\/www.taxipmi.com\\\/wordpress\\\/#website\",\"url\":\"https:\\\/\\\/www.taxipmi.com\\\/wordpress\\\/\",\"name\":\"TAXI PMI - Taxi Mallorca\",\"description\":\"Taxi Palma airport - Taxi Palma flughafen\",\"publisher\":{\"@id\":\"https:\\\/\\\/www.taxipmi.com\\\/wordpress\\\/#organization\"},\"potentialAction\":[{\"@type\":\"SearchAction\",\"target\":{\"@type\":\"EntryPoint\",\"urlTemplate\":\"https:\\\/\\\/www.taxipmi.com\\\/wordpress\\\/?s={search_term_string}\"},\"query-input\":{\"@type\":\"PropertyValueSpecification\",\"valueRequired\":true,\"valueName\":\"search_term_string\"}}],\"inLanguage\":\"es\"},{\"@type\":\"Organization\",\"@id\":\"https:\\\/\\\/www.taxipmi.com\\\/wordpress\\\/#organization\",\"name\":\"PMI TRANSFERS SL\",\"url\":\"https:\\\/\\\/www.taxipmi.com\\\/wordpress\\\/\",\"logo\":{\"@type\":\"ImageObject\",\"inLanguage\":\"es\",\"@id\":\"https:\\\/\\\/www.taxipmi.com\\\/wordpress\\\/#\\\/schema\\\/logo\\\/image\\\/\",\"url\":\"https:\\\/\\\/www.taxipmi.com\\\/wordpress\\\/wp-content\\\/uploads\\\/2020\\\/03\\\/taxi-pmi.jpg\",\"contentUrl\":\"https:\\\/\\\/www.taxipmi.com\\\/wordpress\\\/wp-content\\\/uploads\\\/2020\\\/03\\\/taxi-pmi.jpg\",\"width\":600,\"height\":600,\"caption\":\"PMI TRANSFERS SL\"},\"image\":{\"@id\":\"https:\\\/\\\/www.taxipmi.com\\\/wordpress\\\/#\\\/schema\\\/logo\\\/image\\\/\"},\"sameAs\":[\"https:\\\/\\\/www.facebook.com\\\/TAXIPMI\\\/\",\"https:\\\/\\\/x.com\\\/taxipmi\",\"https:\\\/\\\/www.instagram.com\\\/taxispmi\\\/\",\"https:\\\/\\\/www.linkedin.com\\\/in\\\/alfonsopmi\\\/\",\"https:\\\/\\\/www.youtube.com\\\/watch?v=iRwRpeWNNXg\"]},{\"@type\":\"Person\",\"@id\":\"https:\\\/\\\/www.taxipmi.com\\\/wordpress\\\/#\\\/schema\\\/person\\\/ea7624966985bd37ca8de7bac9f84997\",\"name\":\"Alfonso\",\"image\":{\"@type\":\"ImageObject\",\"inLanguage\":\"es\",\"@id\":\"https:\\\/\\\/secure.gravatar.com\\\/avatar\\\/677cd0c4c1958c14f7a10c6b5500959ed45d4d2de04c41d9f104df2218fa4d6c?s=96&d=mm&r=g\",\"url\":\"https:\\\/\\\/secure.gravatar.com\\\/avatar\\\/677cd0c4c1958c14f7a10c6b5500959ed45d4d2de04c41d9f104df2218fa4d6c?s=96&d=mm&r=g\",\"contentUrl\":\"https:\\\/\\\/secure.gravatar.com\\\/avatar\\\/677cd0c4c1958c14f7a10c6b5500959ed45d4d2de04c41d9f104df2218fa4d6c?s=96&d=mm&r=g\",\"caption\":\"Alfonso\"},\"sameAs\":[\"https:\\\/\\\/www.taxipmi.com\"]}]}<\/script>\n<!-- \/ Yoast SEO plugin. -->","yoast_head_json":{"title":"Taxi Mallorca flughafen - TAXI PMI - Taxi Mallorca flughafentransfers","description":"Taxi Mallorca flughafen mit TAXI PMI. Private Transfers auf Mallorca vom und zum Flughafen in Palma. Wir bieten Fahrten mit Taxi, Minivan und Minibus.","robots":{"index":"index","follow":"follow","max-snippet":"max-snippet:-1","max-image-preview":"max-image-preview:large","max-video-preview":"max-video-preview:-1"},"canonical":"https:\/\/www.taxipmi.com\/wordpress\/taxi-mallorca-flughafen\/","og_locale":"es_ES","og_type":"article","og_title":"Taxi Mallorca flughafen - TAXI PMI - Taxi Mallorca flughafentransfers","og_description":"Taxi Mallorca flughafen mit TAXI PMI. Private Transfers auf Mallorca vom und zum Flughafen in Palma. Wir bieten Fahrten mit Taxi, Minivan und Minibus.","og_url":"https:\/\/www.taxipmi.com\/wordpress\/taxi-mallorca-flughafen\/","og_site_name":"TAXI PMI - Taxi Mallorca","article_publisher":"https:\/\/www.facebook.com\/TAXIPMI\/","article_published_time":"2017-02-11T11:56:30+00:00","article_modified_time":"2020-06-16T07:39:52+00:00","og_image":[{"url":"https:\/\/www.taxipmi.com\/wordpress\/wp-content\/uploads\/2020\/06\/PHOTO-2020-03-05-11-42-29-2-5-1024x545.jpg","type":"","width":"","height":""}],"author":"Alfonso","twitter_card":"summary_large_image","twitter_creator":"@taxipmi","twitter_site":"@taxipmi","twitter_misc":{"Escrito por":"Alfonso","Tiempo de lectura":"3 minutos"},"schema":{"@context":"https:\/\/schema.org","@graph":[{"@type":"Article","@id":"https:\/\/www.taxipmi.com\/wordpress\/taxi-mallorca-flughafen\/#article","isPartOf":{"@id":"https:\/\/www.taxipmi.com\/wordpress\/taxi-mallorca-flughafen\/"},"author":{"name":"Alfonso","@id":"https:\/\/www.taxipmi.com\/wordpress\/#\/schema\/person\/ea7624966985bd37ca8de7bac9f84997"},"headline":"Taxi Mallorca flughafen","datePublished":"2017-02-11T11:56:30+00:00","dateModified":"2020-06-16T07:39:52+00:00","mainEntityOfPage":{"@id":"https:\/\/www.taxipmi.com\/wordpress\/taxi-mallorca-flughafen\/"},"wordCount":534,"commentCount":0,"publisher":{"@id":"https:\/\/www.taxipmi.com\/wordpress\/#organization"},"image":{"@id":"https:\/\/www.taxipmi.com\/wordpress\/taxi-mallorca-flughafen\/#primaryimage"},"thumbnailUrl":"https:\/\/www.taxipmi.com\/wordpress\/wp-content\/uploads\/2020\/06\/PHOTO-2020-03-05-11-42-29-2-5-1024x545.jpg","articleSection":["PALMA AIRPORT TRANSFERS"],"inLanguage":"es","potentialAction":[{"@type":"CommentAction","name":"Comment","target":["https:\/\/www.taxipmi.com\/wordpress\/taxi-mallorca-flughafen\/#respond"]}]},{"@type":"WebPage","@id":"https:\/\/www.taxipmi.com\/wordpress\/taxi-mallorca-flughafen\/","url":"https:\/\/www.taxipmi.com\/wordpress\/taxi-mallorca-flughafen\/","name":"Taxi Mallorca flughafen - TAXI PMI - Taxi Mallorca flughafentransfers","isPartOf":{"@id":"https:\/\/www.taxipmi.com\/wordpress\/#website"},"primaryImageOfPage":{"@id":"https:\/\/www.taxipmi.com\/wordpress\/taxi-mallorca-flughafen\/#primaryimage"},"image":{"@id":"https:\/\/www.taxipmi.com\/wordpress\/taxi-mallorca-flughafen\/#primaryimage"},"thumbnailUrl":"https:\/\/www.taxipmi.com\/wordpress\/wp-content\/uploads\/2020\/06\/PHOTO-2020-03-05-11-42-29-2-5-1024x545.jpg","datePublished":"2017-02-11T11:56:30+00:00","dateModified":"2020-06-16T07:39:52+00:00","description":"Taxi Mallorca flughafen mit TAXI PMI. Private Transfers auf Mallorca vom und zum Flughafen in Palma. Wir bieten Fahrten mit Taxi, Minivan und Minibus.","breadcrumb":{"@id":"https:\/\/www.taxipmi.com\/wordpress\/taxi-mallorca-flughafen\/#breadcrumb"},"inLanguage":"es","potentialAction":[{"@type":"ReadAction","target":["https:\/\/www.taxipmi.com\/wordpress\/taxi-mallorca-flughafen\/"]}]},{"@type":"ImageObject","inLanguage":"es","@id":"https:\/\/www.taxipmi.com\/wordpress\/taxi-mallorca-flughafen\/#primaryimage","url":"https:\/\/www.taxipmi.com\/wordpress\/wp-content\/uploads\/2020\/06\/PHOTO-2020-03-05-11-42-29-2-5.jpg","contentUrl":"https:\/\/www.taxipmi.com\/wordpress\/wp-content\/uploads\/2020\/06\/PHOTO-2020-03-05-11-42-29-2-5.jpg","width":1600,"height":852},{"@type":"BreadcrumbList","@id":"https:\/\/www.taxipmi.com\/wordpress\/taxi-mallorca-flughafen\/#breadcrumb","itemListElement":[{"@type":"ListItem","position":1,"name":"Portada","item":"https:\/\/www.taxipmi.com\/wordpress\/"},{"@type":"ListItem","position":2,"name":"Taxi Mallorca flughafen"}]},{"@type":"WebSite","@id":"https:\/\/www.taxipmi.com\/wordpress\/#website","url":"https:\/\/www.taxipmi.com\/wordpress\/","name":"TAXI PMI - Taxi Mallorca","description":"Taxi Palma airport - Taxi Palma flughafen","publisher":{"@id":"https:\/\/www.taxipmi.com\/wordpress\/#organization"},"potentialAction":[{"@type":"SearchAction","target":{"@type":"EntryPoint","urlTemplate":"https:\/\/www.taxipmi.com\/wordpress\/?s={search_term_string}"},"query-input":{"@type":"PropertyValueSpecification","valueRequired":true,"valueName":"search_term_string"}}],"inLanguage":"es"},{"@type":"Organization","@id":"https:\/\/www.taxipmi.com\/wordpress\/#organization","name":"PMI TRANSFERS SL","url":"https:\/\/www.taxipmi.com\/wordpress\/","logo":{"@type":"ImageObject","inLanguage":"es","@id":"https:\/\/www.taxipmi.com\/wordpress\/#\/schema\/logo\/image\/","url":"https:\/\/www.taxipmi.com\/wordpress\/wp-content\/uploads\/2020\/03\/taxi-pmi.jpg","contentUrl":"https:\/\/www.taxipmi.com\/wordpress\/wp-content\/uploads\/2020\/03\/taxi-pmi.jpg","width":600,"height":600,"caption":"PMI TRANSFERS SL"},"image":{"@id":"https:\/\/www.taxipmi.com\/wordpress\/#\/schema\/logo\/image\/"},"sameAs":["https:\/\/www.facebook.com\/TAXIPMI\/","https:\/\/x.com\/taxipmi","https:\/\/www.instagram.com\/taxispmi\/","https:\/\/www.linkedin.com\/in\/alfonsopmi\/","https:\/\/www.youtube.com\/watch?v=iRwRpeWNNXg"]},{"@type":"Person","@id":"https:\/\/www.taxipmi.com\/wordpress\/#\/schema\/person\/ea7624966985bd37ca8de7bac9f84997","name":"Alfonso","image":{"@type":"ImageObject","inLanguage":"es","@id":"https:\/\/secure.gravatar.com\/avatar\/677cd0c4c1958c14f7a10c6b5500959ed45d4d2de04c41d9f104df2218fa4d6c?s=96&d=mm&r=g","url":"https:\/\/secure.gravatar.com\/avatar\/677cd0c4c1958c14f7a10c6b5500959ed45d4d2de04c41d9f104df2218fa4d6c?s=96&d=mm&r=g","contentUrl":"https:\/\/secure.gravatar.com\/avatar\/677cd0c4c1958c14f7a10c6b5500959ed45d4d2de04c41d9f104df2218fa4d6c?s=96&d=mm&r=g","caption":"Alfonso"},"sameAs":["https:\/\/www.taxipmi.com"]}]}},"_links":{"self":[{"href":"https:\/\/www.taxipmi.com\/wordpress\/wp-json\/wp\/v2\/posts\/214","targetHints":{"allow":["GET"]}}],"collection":[{"href":"https:\/\/www.taxipmi.com\/wordpress\/wp-json\/wp\/v2\/posts"}],"about":[{"href":"https:\/\/www.taxipmi.com\/wordpress\/wp-json\/wp\/v2\/types\/post"}],"author":[{"embeddable":true,"href":"https:\/\/www.taxipmi.com\/wordpress\/wp-json\/wp\/v2\/users\/1"}],"replies":[{"embeddable":true,"href":"https:\/\/www.taxipmi.com\/wordpress\/wp-json\/wp\/v2\/comments?post=214"}],"version-history":[{"count":8,"href":"https:\/\/www.taxipmi.com\/wordpress\/wp-json\/wp\/v2\/posts\/214\/revisions"}],"predecessor-version":[{"id":3160,"href":"https:\/\/www.taxipmi.com\/wordpress\/wp-json\/wp\/v2\/posts\/214\/revisions\/3160"}],"wp:attachment":[{"href":"https:\/\/www.taxipmi.com\/wordpress\/wp-json\/wp\/v2\/media?parent=214"}],"wp:term":[{"taxonomy":"category","embeddable":true,"href":"https:\/\/www.taxipmi.com\/wordpress\/wp-json\/wp\/v2\/categories?post=214"},{"taxonomy":"post_tag","embeddable":true,"href":"https:\/\/www.taxipmi.com\/wordpress\/wp-json\/wp\/v2\/tags?post=214"}],"curies":[{"name":"wp","href":"https:\/\/api.w.org\/{rel}","templated":true}]}}