{"id":265,"date":"2017-02-17T21:59:39","date_gmt":"2017-02-17T20:59:39","guid":{"rendered":"http:\/\/www.taxipmi.com\/wordpress\/?p=265"},"modified":"2020-03-31T19:55:36","modified_gmt":"2020-03-31T18:55:36","slug":"taxi-von-palma-flughafen-nach-cala-millor","status":"publish","type":"post","link":"https:\/\/www.taxipmi.com\/wordpress\/taxi-von-palma-flughafen-nach-cala-millor\/","title":{"rendered":"Taxi von Palma flughafen nach Cala Millor"},"content":{"rendered":"\n<p>Taxi vom Palma flughafen nach Cala Millor mit TAXI PMI:<\/p>\n\n\n\n<p>Der Transfer vom Flughafen Palma de Mallorca nach Cala Millor dauert ungef\u00e4hr 60 Minuten. Die Kosten betragen 85 \u20ac mit dem Taxi, 100 \u20ac mit dem Minivan 115 \u20ac mit dem Kleinbus f\u00fcr bis zu 10 Passagiere und 130 \u20ac mit dem Minibus f\u00fcr bis zu 13 Passagiere. Der Preis ist fest, ohne zus\u00e4tzliche Kosten f\u00fcr Kindersitze, Nachtstunden oder Feiertage. Wenn Sie einen Aufpreis von 10 \u20ac pro Fahrrad und 5 \u20ac f\u00fcr die Taschen der Golfschl\u00e4ger haben.<\/p>\n\n\n\n<p>Wenn Sie buchen m\u00f6chten, tun Sie dies bitte Tage im Voraus. Im Sommer besteht eine gro\u00dfe Nachfrage und das Reservierungssystem wird automatisch geschlossen, wenn die maximale Belegung erreicht ist.<\/p>\n\n\n\n<p>Bei TAXI PMI garantieren wir unseren Kunden ein neues Fahrzeug in einwandfreiem Zustand, sauber und nat\u00fcrlich einen professionellen Fahrer, der sicher und ohne \u00dcberschreitung von Geschwindigkeitsbegrenzungen f\u00e4hrt.<\/p>\n\n\n\n<p>Um zu reservieren, f\u00fcllen Sie bitte das Reservierungsformular im Internet unter <a href=\"https:\/\/www.taxipmi.com\/de\/buchungen.php\">https:\/\/www.taxipmi.com\/de\/buchungen.php<\/a> aus. Wenn Sie Ihre Flug- und Hoteldaten zur Hand haben, wird es in zwei Minuten ausgef\u00fcllt.<\/p>\n\n\n\n<p>Taxi desde el aeropuerto de Palma a Cala Millor con TAXI PMI:<\/p>\n\n\n\n<p>El transfer desde el aeropuerto de Palma de Mallorca a Cala Millor, tiene una duraci\u00f3n aproximada de 60 minutos. El coste es de 85\u20ac en taxi, 100\u20ac en minivan 115\u20ac en minibus hasta 10 pasajeros y 130\u20ac en minib\u00fas hasta 13 pasajeros. El precio es fijo, sin cargos extras por sillas de beb\u00e9, horarios nocturnos o d\u00edas festivos. Si tiene un cargo extra de 10\u20ac cada bicicleta y 5\u20ac las bolsas de palos de golf.<\/p>\n\n\n\n<p>Si desea reservar, por favor h\u00e1galo con d\u00edas de antelaci\u00f3n, en verano hay mucha demanda y el sistema de reservas se cierra autom\u00e1ticamente al llegar al m\u00e1ximo de ocupaci\u00f3n.<\/p>\n\n\n\n<p>En TAXI PMI, garantizamos a los clientes un veh\u00edculo nuevo, en perfecto estado de conservaci\u00f3n, limpio y por supuesto un chofer profesional que conducir\u00e1 de forma segura y sin pasar los l\u00edmites de velocidad.<\/p>\n\n\n\n<p>Para reservar, por favor rellene en la web el formulario de reservas  <a href=\"http:\/\/www.taxipmi.com\/de\/buchungen.php\">https:\/\/www.taxipmi.com\/de\/buchungen.php<\/a>  , si tiene a mano los datos de vuelo y hotel, se rellena en dos minutos.<\/p>\n\n\n\n<figure class=\"wp-block-image size-large\"><img loading=\"lazy\" decoding=\"async\" width=\"960\" height=\"960\" src=\"https:\/\/www.taxipmi.com\/wordpress\/wp-content\/uploads\/2020\/03\/12795001_10153415565854109_1904495137402658294_o.jpg\" alt=\"Taxi von Palma flughafen nach Cala Millor\" class=\"wp-image-2636\" srcset=\"https:\/\/www.taxipmi.com\/wordpress\/wp-content\/uploads\/2020\/03\/12795001_10153415565854109_1904495137402658294_o.jpg 960w, https:\/\/www.taxipmi.com\/wordpress\/wp-content\/uploads\/2020\/03\/12795001_10153415565854109_1904495137402658294_o-300x300.jpg 300w, https:\/\/www.taxipmi.com\/wordpress\/wp-content\/uploads\/2020\/03\/12795001_10153415565854109_1904495137402658294_o-150x150.jpg 150w, https:\/\/www.taxipmi.com\/wordpress\/wp-content\/uploads\/2020\/03\/12795001_10153415565854109_1904495137402658294_o-768x768.jpg 768w\" sizes=\"auto, (max-width: 960px) 100vw, 960px\" \/><figcaption>TRANSFER CALA MILLOR<\/figcaption><\/figure>\n\n\n\n<figure class=\"wp-block-image size-large\"><img loading=\"lazy\" decoding=\"async\" width=\"1024\" height=\"680\" src=\"https:\/\/www.taxipmi.com\/wordpress\/wp-content\/uploads\/2020\/03\/28423196_10155379932344109_8431533816683169056_o-3-1024x680.png\" alt=\"TAXI CALA MILLOR\" class=\"wp-image-2635\" srcset=\"https:\/\/www.taxipmi.com\/wordpress\/wp-content\/uploads\/2020\/03\/28423196_10155379932344109_8431533816683169056_o-3-1024x680.png 1024w, https:\/\/www.taxipmi.com\/wordpress\/wp-content\/uploads\/2020\/03\/28423196_10155379932344109_8431533816683169056_o-3-300x199.png 300w, https:\/\/www.taxipmi.com\/wordpress\/wp-content\/uploads\/2020\/03\/28423196_10155379932344109_8431533816683169056_o-3-768x510.png 768w, https:\/\/www.taxipmi.com\/wordpress\/wp-content\/uploads\/2020\/03\/28423196_10155379932344109_8431533816683169056_o-3-1536x1020.png 1536w, https:\/\/www.taxipmi.com\/wordpress\/wp-content\/uploads\/2020\/03\/28423196_10155379932344109_8431533816683169056_o-3-452x300.png 452w, https:\/\/www.taxipmi.com\/wordpress\/wp-content\/uploads\/2020\/03\/28423196_10155379932344109_8431533816683169056_o-3.png 1720w\" sizes=\"auto, (max-width: 1024px) 100vw, 1024px\" \/><figcaption>TAXI CALA MILLOR<\/figcaption><\/figure>\n\n\n<p>TripAdvisor review:<\/p>\n<p><a id=\"r426879909\" href=\"https:\/\/www.tripadvisor.es\/ShowUserReviews-g187463-d8646999-r426879909-Taxi_Pmi-Palma_de_Mallorca_Majorca_Balearic_Islands.html#CHECK_RATES_CONT\">\u201c<span class=\"noQuotes\">Es hat alles super geklappt<\/span>\u201d<\/a><\/p>\n<p>Wir haben den Transfer f\u00fcr unsere An- und Abreise zum Hotel im S\u00fcden gebucht. Es hat alles perfekt geklappt. Der Mitarbeiter stand bei der Anreise am Flughafen in Palma und wartete bereits auf uns. Einen Tag vor der Abreise haben wir den Transfer kurz telefonisch best\u00e4tigt und wurden zur Abreise p\u00fcnktlich am Hotel abgeholt. Die Fahrer sind sehr freundlich.<\/p>\n<p><a href=\"http:\/\/www.taxipmi.com\">https:\/\/www.taxipmi.com<\/a><\/p>\n\n\n<figure class=\"wp-block-embed-youtube wp-block-embed is-type-video is-provider-youtube wp-embed-aspect-16-9 wp-has-aspect-ratio\"><div class=\"wp-block-embed__wrapper\">\n<iframe loading=\"lazy\" title=\"TAXI PMI | PALMA AIRPORT TAXIS\" width=\"584\" height=\"329\" src=\"https:\/\/www.youtube.com\/embed\/iRwRpeWNNXg?feature=oembed\" frameborder=\"0\" allow=\"accelerometer; autoplay; clipboard-write; encrypted-media; gyroscope; picture-in-picture; web-share\" referrerpolicy=\"strict-origin-when-cross-origin\" allowfullscreen><\/iframe>\n<\/div><\/figure>\n","protected":false},"excerpt":{"rendered":"<p>Taxi vom Palma flughafen nach Cala Millor mit TAXI PMI: Der Transfer vom Flughafen Palma de Mallorca nach Cala Millor dauert ungef\u00e4hr 60 Minuten. Die Kosten betragen 85 \u20ac mit dem Taxi, 100 \u20ac mit dem Minivan 115 \u20ac mit &hellip; <a href=\"https:\/\/www.taxipmi.com\/wordpress\/taxi-von-palma-flughafen-nach-cala-millor\/\">Sigue leyendo <span class=\"meta-nav\">&rarr;<\/span><\/a><\/p>\n","protected":false},"author":1,"featured_media":0,"comment_status":"open","ping_status":"open","sticky":false,"template":"","format":"standard","meta":{"_exactmetrics_skip_tracking":false,"_exactmetrics_sitenote_active":false,"_exactmetrics_sitenote_note":"","_exactmetrics_sitenote_category":0,"footnotes":""},"categories":[1],"tags":[42,15,41,12],"class_list":["post-265","post","type-post","status-publish","format-standard","hentry","category-taxi-mallorca","tag-cala-millor","tag-flughafen","tag-flughafentransfers","tag-palma"],"yoast_head":"<!-- This site is optimized with the Yoast SEO plugin v27.5 - https:\/\/yoast.com\/product\/yoast-seo-wordpress\/ -->\n<title>Taxi von Palma flughafen nach Cala Millor - TAXI PMI - Taxi Mallorca<\/title>\n<meta name=\"description\" content=\"Taxi von Palma flughafen nach Cala Millor, mit taxi, minivan, van und kleinbus. flughafentransfer Mallorca. TAXIS AM FLUGHAFEN PALMA DE MALLORCA\" \/>\n<meta name=\"robots\" content=\"index, follow, max-snippet:-1, max-image-preview:large, max-video-preview:-1\" \/>\n<link rel=\"canonical\" href=\"https:\/\/www.taxipmi.com\/wordpress\/taxi-von-palma-flughafen-nach-cala-millor\/\" \/>\n<meta property=\"og:locale\" content=\"es_ES\" \/>\n<meta property=\"og:type\" content=\"article\" \/>\n<meta property=\"og:title\" content=\"Taxi von Palma flughafen nach Cala Millor - TAXI PMI - Taxi Mallorca\" \/>\n<meta property=\"og:description\" content=\"Taxi von Palma flughafen nach Cala Millor, mit taxi, minivan, van und kleinbus. flughafentransfer Mallorca. TAXIS AM FLUGHAFEN PALMA DE MALLORCA\" \/>\n<meta property=\"og:url\" content=\"https:\/\/www.taxipmi.com\/wordpress\/taxi-von-palma-flughafen-nach-cala-millor\/\" \/>\n<meta property=\"og:site_name\" content=\"TAXI PMI - Taxi Mallorca\" \/>\n<meta property=\"article:publisher\" content=\"https:\/\/www.facebook.com\/TAXIPMI\/\" \/>\n<meta property=\"article:published_time\" content=\"2017-02-17T20:59:39+00:00\" \/>\n<meta property=\"article:modified_time\" content=\"2020-03-31T18:55:36+00:00\" \/>\n<meta property=\"og:image\" content=\"https:\/\/www.taxipmi.com\/wordpress\/wp-content\/uploads\/2020\/03\/12795001_10153415565854109_1904495137402658294_o.jpg\" \/>\n<meta name=\"author\" content=\"Alfonso\" \/>\n<meta name=\"twitter:card\" content=\"summary_large_image\" \/>\n<meta name=\"twitter:creator\" content=\"@taxipmi\" \/>\n<meta name=\"twitter:site\" content=\"@taxipmi\" \/>\n<meta name=\"twitter:label1\" content=\"Escrito por\" \/>\n\t<meta name=\"twitter:data1\" content=\"Alfonso\" \/>\n\t<meta name=\"twitter:label2\" content=\"Tiempo de lectura\" \/>\n\t<meta name=\"twitter:data2\" content=\"2 minutos\" \/>\n<script type=\"application\/ld+json\" class=\"yoast-schema-graph\">{\"@context\":\"https:\\\/\\\/schema.org\",\"@graph\":[{\"@type\":\"Article\",\"@id\":\"https:\\\/\\\/www.taxipmi.com\\\/wordpress\\\/taxi-von-palma-flughafen-nach-cala-millor\\\/#article\",\"isPartOf\":{\"@id\":\"https:\\\/\\\/www.taxipmi.com\\\/wordpress\\\/taxi-von-palma-flughafen-nach-cala-millor\\\/\"},\"author\":{\"name\":\"Alfonso\",\"@id\":\"https:\\\/\\\/www.taxipmi.com\\\/wordpress\\\/#\\\/schema\\\/person\\\/ea7624966985bd37ca8de7bac9f84997\"},\"headline\":\"Taxi von Palma flughafen nach Cala Millor\",\"datePublished\":\"2017-02-17T20:59:39+00:00\",\"dateModified\":\"2020-03-31T18:55:36+00:00\",\"mainEntityOfPage\":{\"@id\":\"https:\\\/\\\/www.taxipmi.com\\\/wordpress\\\/taxi-von-palma-flughafen-nach-cala-millor\\\/\"},\"wordCount\":457,\"commentCount\":0,\"publisher\":{\"@id\":\"https:\\\/\\\/www.taxipmi.com\\\/wordpress\\\/#organization\"},\"image\":{\"@id\":\"https:\\\/\\\/www.taxipmi.com\\\/wordpress\\\/taxi-von-palma-flughafen-nach-cala-millor\\\/#primaryimage\"},\"thumbnailUrl\":\"https:\\\/\\\/www.taxipmi.com\\\/wordpress\\\/wp-content\\\/uploads\\\/2020\\\/03\\\/12795001_10153415565854109_1904495137402658294_o.jpg\",\"keywords\":[\"Cala Millor\",\"flughafen\",\"flughafentransfers\",\"Palma\"],\"articleSection\":[\"PALMA AIRPORT TRANSFERS\"],\"inLanguage\":\"es\",\"potentialAction\":[{\"@type\":\"CommentAction\",\"name\":\"Comment\",\"target\":[\"https:\\\/\\\/www.taxipmi.com\\\/wordpress\\\/taxi-von-palma-flughafen-nach-cala-millor\\\/#respond\"]}]},{\"@type\":\"WebPage\",\"@id\":\"https:\\\/\\\/www.taxipmi.com\\\/wordpress\\\/taxi-von-palma-flughafen-nach-cala-millor\\\/\",\"url\":\"https:\\\/\\\/www.taxipmi.com\\\/wordpress\\\/taxi-von-palma-flughafen-nach-cala-millor\\\/\",\"name\":\"Taxi von Palma flughafen nach Cala Millor - TAXI PMI - Taxi Mallorca\",\"isPartOf\":{\"@id\":\"https:\\\/\\\/www.taxipmi.com\\\/wordpress\\\/#website\"},\"primaryImageOfPage\":{\"@id\":\"https:\\\/\\\/www.taxipmi.com\\\/wordpress\\\/taxi-von-palma-flughafen-nach-cala-millor\\\/#primaryimage\"},\"image\":{\"@id\":\"https:\\\/\\\/www.taxipmi.com\\\/wordpress\\\/taxi-von-palma-flughafen-nach-cala-millor\\\/#primaryimage\"},\"thumbnailUrl\":\"https:\\\/\\\/www.taxipmi.com\\\/wordpress\\\/wp-content\\\/uploads\\\/2020\\\/03\\\/12795001_10153415565854109_1904495137402658294_o.jpg\",\"datePublished\":\"2017-02-17T20:59:39+00:00\",\"dateModified\":\"2020-03-31T18:55:36+00:00\",\"description\":\"Taxi von Palma flughafen nach Cala Millor, mit taxi, minivan, van und kleinbus. flughafentransfer Mallorca. TAXIS AM FLUGHAFEN PALMA DE MALLORCA\",\"breadcrumb\":{\"@id\":\"https:\\\/\\\/www.taxipmi.com\\\/wordpress\\\/taxi-von-palma-flughafen-nach-cala-millor\\\/#breadcrumb\"},\"inLanguage\":\"es\",\"potentialAction\":[{\"@type\":\"ReadAction\",\"target\":[\"https:\\\/\\\/www.taxipmi.com\\\/wordpress\\\/taxi-von-palma-flughafen-nach-cala-millor\\\/\"]}]},{\"@type\":\"ImageObject\",\"inLanguage\":\"es\",\"@id\":\"https:\\\/\\\/www.taxipmi.com\\\/wordpress\\\/taxi-von-palma-flughafen-nach-cala-millor\\\/#primaryimage\",\"url\":\"https:\\\/\\\/www.taxipmi.com\\\/wordpress\\\/wp-content\\\/uploads\\\/2020\\\/03\\\/12795001_10153415565854109_1904495137402658294_o.jpg\",\"contentUrl\":\"https:\\\/\\\/www.taxipmi.com\\\/wordpress\\\/wp-content\\\/uploads\\\/2020\\\/03\\\/12795001_10153415565854109_1904495137402658294_o.jpg\",\"width\":960,\"height\":960},{\"@type\":\"BreadcrumbList\",\"@id\":\"https:\\\/\\\/www.taxipmi.com\\\/wordpress\\\/taxi-von-palma-flughafen-nach-cala-millor\\\/#breadcrumb\",\"itemListElement\":[{\"@type\":\"ListItem\",\"position\":1,\"name\":\"Portada\",\"item\":\"https:\\\/\\\/www.taxipmi.com\\\/wordpress\\\/\"},{\"@type\":\"ListItem\",\"position\":2,\"name\":\"Taxi von Palma flughafen nach Cala Millor\"}]},{\"@type\":\"WebSite\",\"@id\":\"https:\\\/\\\/www.taxipmi.com\\\/wordpress\\\/#website\",\"url\":\"https:\\\/\\\/www.taxipmi.com\\\/wordpress\\\/\",\"name\":\"TAXI PMI - Taxi Mallorca\",\"description\":\"Taxi Palma airport - Taxi Palma flughafen\",\"publisher\":{\"@id\":\"https:\\\/\\\/www.taxipmi.com\\\/wordpress\\\/#organization\"},\"potentialAction\":[{\"@type\":\"SearchAction\",\"target\":{\"@type\":\"EntryPoint\",\"urlTemplate\":\"https:\\\/\\\/www.taxipmi.com\\\/wordpress\\\/?s={search_term_string}\"},\"query-input\":{\"@type\":\"PropertyValueSpecification\",\"valueRequired\":true,\"valueName\":\"search_term_string\"}}],\"inLanguage\":\"es\"},{\"@type\":\"Organization\",\"@id\":\"https:\\\/\\\/www.taxipmi.com\\\/wordpress\\\/#organization\",\"name\":\"PMI TRANSFERS SL\",\"url\":\"https:\\\/\\\/www.taxipmi.com\\\/wordpress\\\/\",\"logo\":{\"@type\":\"ImageObject\",\"inLanguage\":\"es\",\"@id\":\"https:\\\/\\\/www.taxipmi.com\\\/wordpress\\\/#\\\/schema\\\/logo\\\/image\\\/\",\"url\":\"https:\\\/\\\/www.taxipmi.com\\\/wordpress\\\/wp-content\\\/uploads\\\/2020\\\/03\\\/taxi-pmi.jpg\",\"contentUrl\":\"https:\\\/\\\/www.taxipmi.com\\\/wordpress\\\/wp-content\\\/uploads\\\/2020\\\/03\\\/taxi-pmi.jpg\",\"width\":600,\"height\":600,\"caption\":\"PMI TRANSFERS SL\"},\"image\":{\"@id\":\"https:\\\/\\\/www.taxipmi.com\\\/wordpress\\\/#\\\/schema\\\/logo\\\/image\\\/\"},\"sameAs\":[\"https:\\\/\\\/www.facebook.com\\\/TAXIPMI\\\/\",\"https:\\\/\\\/x.com\\\/taxipmi\",\"https:\\\/\\\/www.instagram.com\\\/taxispmi\\\/\",\"https:\\\/\\\/www.linkedin.com\\\/in\\\/alfonsopmi\\\/\",\"https:\\\/\\\/www.youtube.com\\\/watch?v=iRwRpeWNNXg\"]},{\"@type\":\"Person\",\"@id\":\"https:\\\/\\\/www.taxipmi.com\\\/wordpress\\\/#\\\/schema\\\/person\\\/ea7624966985bd37ca8de7bac9f84997\",\"name\":\"Alfonso\",\"image\":{\"@type\":\"ImageObject\",\"inLanguage\":\"es\",\"@id\":\"https:\\\/\\\/secure.gravatar.com\\\/avatar\\\/677cd0c4c1958c14f7a10c6b5500959ed45d4d2de04c41d9f104df2218fa4d6c?s=96&d=mm&r=g\",\"url\":\"https:\\\/\\\/secure.gravatar.com\\\/avatar\\\/677cd0c4c1958c14f7a10c6b5500959ed45d4d2de04c41d9f104df2218fa4d6c?s=96&d=mm&r=g\",\"contentUrl\":\"https:\\\/\\\/secure.gravatar.com\\\/avatar\\\/677cd0c4c1958c14f7a10c6b5500959ed45d4d2de04c41d9f104df2218fa4d6c?s=96&d=mm&r=g\",\"caption\":\"Alfonso\"},\"sameAs\":[\"https:\\\/\\\/www.taxipmi.com\"]}]}<\/script>\n<!-- \/ Yoast SEO plugin. -->","yoast_head_json":{"title":"Taxi von Palma flughafen nach Cala Millor - TAXI PMI - Taxi Mallorca","description":"Taxi von Palma flughafen nach Cala Millor, mit taxi, minivan, van und kleinbus. flughafentransfer Mallorca. TAXIS AM FLUGHAFEN PALMA DE MALLORCA","robots":{"index":"index","follow":"follow","max-snippet":"max-snippet:-1","max-image-preview":"max-image-preview:large","max-video-preview":"max-video-preview:-1"},"canonical":"https:\/\/www.taxipmi.com\/wordpress\/taxi-von-palma-flughafen-nach-cala-millor\/","og_locale":"es_ES","og_type":"article","og_title":"Taxi von Palma flughafen nach Cala Millor - TAXI PMI - Taxi Mallorca","og_description":"Taxi von Palma flughafen nach Cala Millor, mit taxi, minivan, van und kleinbus. flughafentransfer Mallorca. TAXIS AM FLUGHAFEN PALMA DE MALLORCA","og_url":"https:\/\/www.taxipmi.com\/wordpress\/taxi-von-palma-flughafen-nach-cala-millor\/","og_site_name":"TAXI PMI - Taxi Mallorca","article_publisher":"https:\/\/www.facebook.com\/TAXIPMI\/","article_published_time":"2017-02-17T20:59:39+00:00","article_modified_time":"2020-03-31T18:55:36+00:00","og_image":[{"url":"https:\/\/www.taxipmi.com\/wordpress\/wp-content\/uploads\/2020\/03\/12795001_10153415565854109_1904495137402658294_o.jpg","type":"","width":"","height":""}],"author":"Alfonso","twitter_card":"summary_large_image","twitter_creator":"@taxipmi","twitter_site":"@taxipmi","twitter_misc":{"Escrito por":"Alfonso","Tiempo de lectura":"2 minutos"},"schema":{"@context":"https:\/\/schema.org","@graph":[{"@type":"Article","@id":"https:\/\/www.taxipmi.com\/wordpress\/taxi-von-palma-flughafen-nach-cala-millor\/#article","isPartOf":{"@id":"https:\/\/www.taxipmi.com\/wordpress\/taxi-von-palma-flughafen-nach-cala-millor\/"},"author":{"name":"Alfonso","@id":"https:\/\/www.taxipmi.com\/wordpress\/#\/schema\/person\/ea7624966985bd37ca8de7bac9f84997"},"headline":"Taxi von Palma flughafen nach Cala Millor","datePublished":"2017-02-17T20:59:39+00:00","dateModified":"2020-03-31T18:55:36+00:00","mainEntityOfPage":{"@id":"https:\/\/www.taxipmi.com\/wordpress\/taxi-von-palma-flughafen-nach-cala-millor\/"},"wordCount":457,"commentCount":0,"publisher":{"@id":"https:\/\/www.taxipmi.com\/wordpress\/#organization"},"image":{"@id":"https:\/\/www.taxipmi.com\/wordpress\/taxi-von-palma-flughafen-nach-cala-millor\/#primaryimage"},"thumbnailUrl":"https:\/\/www.taxipmi.com\/wordpress\/wp-content\/uploads\/2020\/03\/12795001_10153415565854109_1904495137402658294_o.jpg","keywords":["Cala Millor","flughafen","flughafentransfers","Palma"],"articleSection":["PALMA AIRPORT TRANSFERS"],"inLanguage":"es","potentialAction":[{"@type":"CommentAction","name":"Comment","target":["https:\/\/www.taxipmi.com\/wordpress\/taxi-von-palma-flughafen-nach-cala-millor\/#respond"]}]},{"@type":"WebPage","@id":"https:\/\/www.taxipmi.com\/wordpress\/taxi-von-palma-flughafen-nach-cala-millor\/","url":"https:\/\/www.taxipmi.com\/wordpress\/taxi-von-palma-flughafen-nach-cala-millor\/","name":"Taxi von Palma flughafen nach Cala Millor - TAXI PMI - Taxi Mallorca","isPartOf":{"@id":"https:\/\/www.taxipmi.com\/wordpress\/#website"},"primaryImageOfPage":{"@id":"https:\/\/www.taxipmi.com\/wordpress\/taxi-von-palma-flughafen-nach-cala-millor\/#primaryimage"},"image":{"@id":"https:\/\/www.taxipmi.com\/wordpress\/taxi-von-palma-flughafen-nach-cala-millor\/#primaryimage"},"thumbnailUrl":"https:\/\/www.taxipmi.com\/wordpress\/wp-content\/uploads\/2020\/03\/12795001_10153415565854109_1904495137402658294_o.jpg","datePublished":"2017-02-17T20:59:39+00:00","dateModified":"2020-03-31T18:55:36+00:00","description":"Taxi von Palma flughafen nach Cala Millor, mit taxi, minivan, van und kleinbus. flughafentransfer Mallorca. TAXIS AM FLUGHAFEN PALMA DE MALLORCA","breadcrumb":{"@id":"https:\/\/www.taxipmi.com\/wordpress\/taxi-von-palma-flughafen-nach-cala-millor\/#breadcrumb"},"inLanguage":"es","potentialAction":[{"@type":"ReadAction","target":["https:\/\/www.taxipmi.com\/wordpress\/taxi-von-palma-flughafen-nach-cala-millor\/"]}]},{"@type":"ImageObject","inLanguage":"es","@id":"https:\/\/www.taxipmi.com\/wordpress\/taxi-von-palma-flughafen-nach-cala-millor\/#primaryimage","url":"https:\/\/www.taxipmi.com\/wordpress\/wp-content\/uploads\/2020\/03\/12795001_10153415565854109_1904495137402658294_o.jpg","contentUrl":"https:\/\/www.taxipmi.com\/wordpress\/wp-content\/uploads\/2020\/03\/12795001_10153415565854109_1904495137402658294_o.jpg","width":960,"height":960},{"@type":"BreadcrumbList","@id":"https:\/\/www.taxipmi.com\/wordpress\/taxi-von-palma-flughafen-nach-cala-millor\/#breadcrumb","itemListElement":[{"@type":"ListItem","position":1,"name":"Portada","item":"https:\/\/www.taxipmi.com\/wordpress\/"},{"@type":"ListItem","position":2,"name":"Taxi von Palma flughafen nach Cala Millor"}]},{"@type":"WebSite","@id":"https:\/\/www.taxipmi.com\/wordpress\/#website","url":"https:\/\/www.taxipmi.com\/wordpress\/","name":"TAXI PMI - Taxi Mallorca","description":"Taxi Palma airport - Taxi Palma flughafen","publisher":{"@id":"https:\/\/www.taxipmi.com\/wordpress\/#organization"},"potentialAction":[{"@type":"SearchAction","target":{"@type":"EntryPoint","urlTemplate":"https:\/\/www.taxipmi.com\/wordpress\/?s={search_term_string}"},"query-input":{"@type":"PropertyValueSpecification","valueRequired":true,"valueName":"search_term_string"}}],"inLanguage":"es"},{"@type":"Organization","@id":"https:\/\/www.taxipmi.com\/wordpress\/#organization","name":"PMI TRANSFERS SL","url":"https:\/\/www.taxipmi.com\/wordpress\/","logo":{"@type":"ImageObject","inLanguage":"es","@id":"https:\/\/www.taxipmi.com\/wordpress\/#\/schema\/logo\/image\/","url":"https:\/\/www.taxipmi.com\/wordpress\/wp-content\/uploads\/2020\/03\/taxi-pmi.jpg","contentUrl":"https:\/\/www.taxipmi.com\/wordpress\/wp-content\/uploads\/2020\/03\/taxi-pmi.jpg","width":600,"height":600,"caption":"PMI TRANSFERS SL"},"image":{"@id":"https:\/\/www.taxipmi.com\/wordpress\/#\/schema\/logo\/image\/"},"sameAs":["https:\/\/www.facebook.com\/TAXIPMI\/","https:\/\/x.com\/taxipmi","https:\/\/www.instagram.com\/taxispmi\/","https:\/\/www.linkedin.com\/in\/alfonsopmi\/","https:\/\/www.youtube.com\/watch?v=iRwRpeWNNXg"]},{"@type":"Person","@id":"https:\/\/www.taxipmi.com\/wordpress\/#\/schema\/person\/ea7624966985bd37ca8de7bac9f84997","name":"Alfonso","image":{"@type":"ImageObject","inLanguage":"es","@id":"https:\/\/secure.gravatar.com\/avatar\/677cd0c4c1958c14f7a10c6b5500959ed45d4d2de04c41d9f104df2218fa4d6c?s=96&d=mm&r=g","url":"https:\/\/secure.gravatar.com\/avatar\/677cd0c4c1958c14f7a10c6b5500959ed45d4d2de04c41d9f104df2218fa4d6c?s=96&d=mm&r=g","contentUrl":"https:\/\/secure.gravatar.com\/avatar\/677cd0c4c1958c14f7a10c6b5500959ed45d4d2de04c41d9f104df2218fa4d6c?s=96&d=mm&r=g","caption":"Alfonso"},"sameAs":["https:\/\/www.taxipmi.com"]}]}},"_links":{"self":[{"href":"https:\/\/www.taxipmi.com\/wordpress\/wp-json\/wp\/v2\/posts\/265","targetHints":{"allow":["GET"]}}],"collection":[{"href":"https:\/\/www.taxipmi.com\/wordpress\/wp-json\/wp\/v2\/posts"}],"about":[{"href":"https:\/\/www.taxipmi.com\/wordpress\/wp-json\/wp\/v2\/types\/post"}],"author":[{"embeddable":true,"href":"https:\/\/www.taxipmi.com\/wordpress\/wp-json\/wp\/v2\/users\/1"}],"replies":[{"embeddable":true,"href":"https:\/\/www.taxipmi.com\/wordpress\/wp-json\/wp\/v2\/comments?post=265"}],"version-history":[{"count":3,"href":"https:\/\/www.taxipmi.com\/wordpress\/wp-json\/wp\/v2\/posts\/265\/revisions"}],"predecessor-version":[{"id":2639,"href":"https:\/\/www.taxipmi.com\/wordpress\/wp-json\/wp\/v2\/posts\/265\/revisions\/2639"}],"wp:attachment":[{"href":"https:\/\/www.taxipmi.com\/wordpress\/wp-json\/wp\/v2\/media?parent=265"}],"wp:term":[{"taxonomy":"category","embeddable":true,"href":"https:\/\/www.taxipmi.com\/wordpress\/wp-json\/wp\/v2\/categories?post=265"},{"taxonomy":"post_tag","embeddable":true,"href":"https:\/\/www.taxipmi.com\/wordpress\/wp-json\/wp\/v2\/tags?post=265"}],"curies":[{"name":"wp","href":"https:\/\/api.w.org\/{rel}","templated":true}]}}