{"id":461,"date":"2017-03-16T19:57:35","date_gmt":"2017-03-16T18:57:35","guid":{"rendered":"http:\/\/www.taxipmi.com\/wordpress\/?p=461"},"modified":"2017-03-16T19:57:35","modified_gmt":"2017-03-16T18:57:35","slug":"minibus-transfer-von-palma-nach-cala-ratjada-taxi-pmi","status":"publish","type":"post","link":"https:\/\/www.taxipmi.com\/wordpress\/minibus-transfer-von-palma-nach-cala-ratjada-taxi-pmi\/","title":{"rendered":"Minibus transfer von Palma nach Cala Ratjada &#8211; TAXI PMI"},"content":{"rendered":"<p><a id=\"r392808567\" href=\"https:\/\/www.tripadvisor.es\/ShowUserReviews-g187463-d8646999-r392808567-Taxi_Pmi-Palma_de_Mallorca_Majorca_Balearic_Islands.html#CHECK_RATES_CONT\">\u201c<span class=\"noQuotes\">Perfekt- super Service!<\/span>\u201d<\/a><\/p>\n<p>Wir sind das erste Mal mit Taxi von Arenal nach Cala Ratjada gefahren. Mit 8 Personen haben wir in einem sehr sauberen recht neuem Bus eine sehr angenehme Fahrt erlebt.<br \/>\nUnser Fahrer war 5 Minuten von dem Termin vor Ort und begr\u00fcsste uns freundlich und lud umgehend die Koffer in den Kofferraum. Er war gut gekleidet (weisses Hemd und Stoffhose) und hat uns die nur ca. 50 min\u00fctige Fahrt mit Musik verk\u00fcrzt. Wir erlebten einen sehr guten Service und werden auf jeden Fall wieder mit Taxi PMI fahren. Die R\u00fcckfahrt zum Flughafen von CR war trotz der fr\u00fchen Morgenstunden (6:30) identisch mit dem Service der Hinfahrt.<br \/>\nRundum h\u00e4tte es nicht besser laufen k\u00f6nnen.<br \/>\nWir k\u00f6nnen es nur weiter empfehlen&#8230;<\/p>\n<p>Der Kontakt \u00fcber Email funktioniert einwandfrei!<\/p>\n<p><a href=\"http:\/\/www.taxipmi.com\">http:\/\/www.taxipmi.com<\/a><\/p>\n","protected":false},"excerpt":{"rendered":"<p>\u201cPerfekt- super Service!\u201d Wir sind das erste Mal mit Taxi von Arenal nach Cala Ratjada gefahren. Mit 8 Personen haben wir in einem sehr sauberen recht neuem Bus eine sehr angenehme Fahrt erlebt. Unser Fahrer war 5 Minuten von dem &hellip; <a href=\"https:\/\/www.taxipmi.com\/wordpress\/minibus-transfer-von-palma-nach-cala-ratjada-taxi-pmi\/\">Sigue leyendo <span class=\"meta-nav\">&rarr;<\/span><\/a><\/p>\n","protected":false},"author":1,"featured_media":0,"comment_status":"open","ping_status":"open","sticky":false,"template":"","format":"standard","meta":{"_exactmetrics_skip_tracking":false,"_exactmetrics_sitenote_active":false,"_exactmetrics_sitenote_note":"","_exactmetrics_sitenote_category":0,"footnotes":""},"categories":[1],"tags":[],"class_list":["post-461","post","type-post","status-publish","format-standard","hentry","category-taxi-mallorca"],"yoast_head":"<!-- This site is optimized with the Yoast SEO plugin v27.5 - https:\/\/yoast.com\/product\/yoast-seo-wordpress\/ -->\n<title>Minibus transfer von Palma nach Cala Ratjada - TAXI PMI - TAXI PMI - Taxi Mallorca<\/title>\n<meta name=\"robots\" content=\"index, follow, max-snippet:-1, max-image-preview:large, max-video-preview:-1\" \/>\n<link rel=\"canonical\" href=\"https:\/\/www.taxipmi.com\/wordpress\/minibus-transfer-von-palma-nach-cala-ratjada-taxi-pmi\/\" \/>\n<meta property=\"og:locale\" content=\"es_ES\" \/>\n<meta property=\"og:type\" content=\"article\" \/>\n<meta property=\"og:title\" content=\"Minibus transfer von Palma nach Cala Ratjada - TAXI PMI - TAXI PMI - Taxi Mallorca\" \/>\n<meta property=\"og:description\" content=\"\u201cPerfekt- super Service!\u201d Wir sind das erste Mal mit Taxi von Arenal nach Cala Ratjada gefahren. Mit 8 Personen haben wir in einem sehr sauberen recht neuem Bus eine sehr angenehme Fahrt erlebt. Unser Fahrer war 5 Minuten von dem &hellip; Sigue leyendo &rarr;\" \/>\n<meta property=\"og:url\" content=\"https:\/\/www.taxipmi.com\/wordpress\/minibus-transfer-von-palma-nach-cala-ratjada-taxi-pmi\/\" \/>\n<meta property=\"og:site_name\" content=\"TAXI PMI - Taxi Mallorca\" \/>\n<meta property=\"article:publisher\" content=\"https:\/\/www.facebook.com\/TAXIPMI\/\" \/>\n<meta property=\"article:published_time\" content=\"2017-03-16T18:57:35+00:00\" \/>\n<meta name=\"author\" content=\"Alfonso\" \/>\n<meta name=\"twitter:card\" content=\"summary_large_image\" \/>\n<meta name=\"twitter:creator\" content=\"@taxipmi\" \/>\n<meta name=\"twitter:site\" content=\"@taxipmi\" \/>\n<meta name=\"twitter:label1\" content=\"Escrito por\" \/>\n\t<meta name=\"twitter:data1\" content=\"Alfonso\" \/>\n\t<meta name=\"twitter:label2\" content=\"Tiempo de lectura\" \/>\n\t<meta name=\"twitter:data2\" content=\"1 minuto\" \/>\n<script type=\"application\/ld+json\" class=\"yoast-schema-graph\">{\"@context\":\"https:\\\/\\\/schema.org\",\"@graph\":[{\"@type\":\"Article\",\"@id\":\"https:\\\/\\\/www.taxipmi.com\\\/wordpress\\\/minibus-transfer-von-palma-nach-cala-ratjada-taxi-pmi\\\/#article\",\"isPartOf\":{\"@id\":\"https:\\\/\\\/www.taxipmi.com\\\/wordpress\\\/minibus-transfer-von-palma-nach-cala-ratjada-taxi-pmi\\\/\"},\"author\":{\"name\":\"Alfonso\",\"@id\":\"https:\\\/\\\/www.taxipmi.com\\\/wordpress\\\/#\\\/schema\\\/person\\\/ea7624966985bd37ca8de7bac9f84997\"},\"headline\":\"Minibus transfer von Palma nach Cala Ratjada &#8211; TAXI PMI\",\"datePublished\":\"2017-03-16T18:57:35+00:00\",\"mainEntityOfPage\":{\"@id\":\"https:\\\/\\\/www.taxipmi.com\\\/wordpress\\\/minibus-transfer-von-palma-nach-cala-ratjada-taxi-pmi\\\/\"},\"wordCount\":146,\"commentCount\":0,\"publisher\":{\"@id\":\"https:\\\/\\\/www.taxipmi.com\\\/wordpress\\\/#organization\"},\"articleSection\":[\"PALMA AIRPORT TRANSFERS\"],\"inLanguage\":\"es\",\"potentialAction\":[{\"@type\":\"CommentAction\",\"name\":\"Comment\",\"target\":[\"https:\\\/\\\/www.taxipmi.com\\\/wordpress\\\/minibus-transfer-von-palma-nach-cala-ratjada-taxi-pmi\\\/#respond\"]}]},{\"@type\":\"WebPage\",\"@id\":\"https:\\\/\\\/www.taxipmi.com\\\/wordpress\\\/minibus-transfer-von-palma-nach-cala-ratjada-taxi-pmi\\\/\",\"url\":\"https:\\\/\\\/www.taxipmi.com\\\/wordpress\\\/minibus-transfer-von-palma-nach-cala-ratjada-taxi-pmi\\\/\",\"name\":\"Minibus transfer von Palma nach Cala Ratjada - TAXI PMI - TAXI PMI - Taxi Mallorca\",\"isPartOf\":{\"@id\":\"https:\\\/\\\/www.taxipmi.com\\\/wordpress\\\/#website\"},\"datePublished\":\"2017-03-16T18:57:35+00:00\",\"breadcrumb\":{\"@id\":\"https:\\\/\\\/www.taxipmi.com\\\/wordpress\\\/minibus-transfer-von-palma-nach-cala-ratjada-taxi-pmi\\\/#breadcrumb\"},\"inLanguage\":\"es\",\"potentialAction\":[{\"@type\":\"ReadAction\",\"target\":[\"https:\\\/\\\/www.taxipmi.com\\\/wordpress\\\/minibus-transfer-von-palma-nach-cala-ratjada-taxi-pmi\\\/\"]}]},{\"@type\":\"BreadcrumbList\",\"@id\":\"https:\\\/\\\/www.taxipmi.com\\\/wordpress\\\/minibus-transfer-von-palma-nach-cala-ratjada-taxi-pmi\\\/#breadcrumb\",\"itemListElement\":[{\"@type\":\"ListItem\",\"position\":1,\"name\":\"Portada\",\"item\":\"https:\\\/\\\/www.taxipmi.com\\\/wordpress\\\/\"},{\"@type\":\"ListItem\",\"position\":2,\"name\":\"Minibus transfer von Palma nach Cala Ratjada &#8211; TAXI PMI\"}]},{\"@type\":\"WebSite\",\"@id\":\"https:\\\/\\\/www.taxipmi.com\\\/wordpress\\\/#website\",\"url\":\"https:\\\/\\\/www.taxipmi.com\\\/wordpress\\\/\",\"name\":\"TAXI PMI - Taxi Mallorca\",\"description\":\"Taxi Palma airport - Taxi Palma flughafen\",\"publisher\":{\"@id\":\"https:\\\/\\\/www.taxipmi.com\\\/wordpress\\\/#organization\"},\"potentialAction\":[{\"@type\":\"SearchAction\",\"target\":{\"@type\":\"EntryPoint\",\"urlTemplate\":\"https:\\\/\\\/www.taxipmi.com\\\/wordpress\\\/?s={search_term_string}\"},\"query-input\":{\"@type\":\"PropertyValueSpecification\",\"valueRequired\":true,\"valueName\":\"search_term_string\"}}],\"inLanguage\":\"es\"},{\"@type\":\"Organization\",\"@id\":\"https:\\\/\\\/www.taxipmi.com\\\/wordpress\\\/#organization\",\"name\":\"PMI TRANSFERS SL\",\"url\":\"https:\\\/\\\/www.taxipmi.com\\\/wordpress\\\/\",\"logo\":{\"@type\":\"ImageObject\",\"inLanguage\":\"es\",\"@id\":\"https:\\\/\\\/www.taxipmi.com\\\/wordpress\\\/#\\\/schema\\\/logo\\\/image\\\/\",\"url\":\"https:\\\/\\\/www.taxipmi.com\\\/wordpress\\\/wp-content\\\/uploads\\\/2020\\\/03\\\/taxi-pmi.jpg\",\"contentUrl\":\"https:\\\/\\\/www.taxipmi.com\\\/wordpress\\\/wp-content\\\/uploads\\\/2020\\\/03\\\/taxi-pmi.jpg\",\"width\":600,\"height\":600,\"caption\":\"PMI TRANSFERS SL\"},\"image\":{\"@id\":\"https:\\\/\\\/www.taxipmi.com\\\/wordpress\\\/#\\\/schema\\\/logo\\\/image\\\/\"},\"sameAs\":[\"https:\\\/\\\/www.facebook.com\\\/TAXIPMI\\\/\",\"https:\\\/\\\/x.com\\\/taxipmi\",\"https:\\\/\\\/www.instagram.com\\\/taxispmi\\\/\",\"https:\\\/\\\/www.linkedin.com\\\/in\\\/alfonsopmi\\\/\",\"https:\\\/\\\/www.youtube.com\\\/watch?v=iRwRpeWNNXg\"]},{\"@type\":\"Person\",\"@id\":\"https:\\\/\\\/www.taxipmi.com\\\/wordpress\\\/#\\\/schema\\\/person\\\/ea7624966985bd37ca8de7bac9f84997\",\"name\":\"Alfonso\",\"image\":{\"@type\":\"ImageObject\",\"inLanguage\":\"es\",\"@id\":\"https:\\\/\\\/secure.gravatar.com\\\/avatar\\\/677cd0c4c1958c14f7a10c6b5500959ed45d4d2de04c41d9f104df2218fa4d6c?s=96&d=mm&r=g\",\"url\":\"https:\\\/\\\/secure.gravatar.com\\\/avatar\\\/677cd0c4c1958c14f7a10c6b5500959ed45d4d2de04c41d9f104df2218fa4d6c?s=96&d=mm&r=g\",\"contentUrl\":\"https:\\\/\\\/secure.gravatar.com\\\/avatar\\\/677cd0c4c1958c14f7a10c6b5500959ed45d4d2de04c41d9f104df2218fa4d6c?s=96&d=mm&r=g\",\"caption\":\"Alfonso\"},\"sameAs\":[\"https:\\\/\\\/www.taxipmi.com\"]}]}<\/script>\n<!-- \/ Yoast SEO plugin. -->","yoast_head_json":{"title":"Minibus transfer von Palma nach Cala Ratjada - TAXI PMI - TAXI PMI - Taxi Mallorca","robots":{"index":"index","follow":"follow","max-snippet":"max-snippet:-1","max-image-preview":"max-image-preview:large","max-video-preview":"max-video-preview:-1"},"canonical":"https:\/\/www.taxipmi.com\/wordpress\/minibus-transfer-von-palma-nach-cala-ratjada-taxi-pmi\/","og_locale":"es_ES","og_type":"article","og_title":"Minibus transfer von Palma nach Cala Ratjada - TAXI PMI - TAXI PMI - Taxi Mallorca","og_description":"\u201cPerfekt- super Service!\u201d Wir sind das erste Mal mit Taxi von Arenal nach Cala Ratjada gefahren. Mit 8 Personen haben wir in einem sehr sauberen recht neuem Bus eine sehr angenehme Fahrt erlebt. Unser Fahrer war 5 Minuten von dem &hellip; Sigue leyendo &rarr;","og_url":"https:\/\/www.taxipmi.com\/wordpress\/minibus-transfer-von-palma-nach-cala-ratjada-taxi-pmi\/","og_site_name":"TAXI PMI - Taxi Mallorca","article_publisher":"https:\/\/www.facebook.com\/TAXIPMI\/","article_published_time":"2017-03-16T18:57:35+00:00","author":"Alfonso","twitter_card":"summary_large_image","twitter_creator":"@taxipmi","twitter_site":"@taxipmi","twitter_misc":{"Escrito por":"Alfonso","Tiempo de lectura":"1 minuto"},"schema":{"@context":"https:\/\/schema.org","@graph":[{"@type":"Article","@id":"https:\/\/www.taxipmi.com\/wordpress\/minibus-transfer-von-palma-nach-cala-ratjada-taxi-pmi\/#article","isPartOf":{"@id":"https:\/\/www.taxipmi.com\/wordpress\/minibus-transfer-von-palma-nach-cala-ratjada-taxi-pmi\/"},"author":{"name":"Alfonso","@id":"https:\/\/www.taxipmi.com\/wordpress\/#\/schema\/person\/ea7624966985bd37ca8de7bac9f84997"},"headline":"Minibus transfer von Palma nach Cala Ratjada &#8211; TAXI PMI","datePublished":"2017-03-16T18:57:35+00:00","mainEntityOfPage":{"@id":"https:\/\/www.taxipmi.com\/wordpress\/minibus-transfer-von-palma-nach-cala-ratjada-taxi-pmi\/"},"wordCount":146,"commentCount":0,"publisher":{"@id":"https:\/\/www.taxipmi.com\/wordpress\/#organization"},"articleSection":["PALMA AIRPORT TRANSFERS"],"inLanguage":"es","potentialAction":[{"@type":"CommentAction","name":"Comment","target":["https:\/\/www.taxipmi.com\/wordpress\/minibus-transfer-von-palma-nach-cala-ratjada-taxi-pmi\/#respond"]}]},{"@type":"WebPage","@id":"https:\/\/www.taxipmi.com\/wordpress\/minibus-transfer-von-palma-nach-cala-ratjada-taxi-pmi\/","url":"https:\/\/www.taxipmi.com\/wordpress\/minibus-transfer-von-palma-nach-cala-ratjada-taxi-pmi\/","name":"Minibus transfer von Palma nach Cala Ratjada - TAXI PMI - TAXI PMI - Taxi Mallorca","isPartOf":{"@id":"https:\/\/www.taxipmi.com\/wordpress\/#website"},"datePublished":"2017-03-16T18:57:35+00:00","breadcrumb":{"@id":"https:\/\/www.taxipmi.com\/wordpress\/minibus-transfer-von-palma-nach-cala-ratjada-taxi-pmi\/#breadcrumb"},"inLanguage":"es","potentialAction":[{"@type":"ReadAction","target":["https:\/\/www.taxipmi.com\/wordpress\/minibus-transfer-von-palma-nach-cala-ratjada-taxi-pmi\/"]}]},{"@type":"BreadcrumbList","@id":"https:\/\/www.taxipmi.com\/wordpress\/minibus-transfer-von-palma-nach-cala-ratjada-taxi-pmi\/#breadcrumb","itemListElement":[{"@type":"ListItem","position":1,"name":"Portada","item":"https:\/\/www.taxipmi.com\/wordpress\/"},{"@type":"ListItem","position":2,"name":"Minibus transfer von Palma nach Cala Ratjada &#8211; TAXI PMI"}]},{"@type":"WebSite","@id":"https:\/\/www.taxipmi.com\/wordpress\/#website","url":"https:\/\/www.taxipmi.com\/wordpress\/","name":"TAXI PMI - Taxi Mallorca","description":"Taxi Palma airport - Taxi Palma flughafen","publisher":{"@id":"https:\/\/www.taxipmi.com\/wordpress\/#organization"},"potentialAction":[{"@type":"SearchAction","target":{"@type":"EntryPoint","urlTemplate":"https:\/\/www.taxipmi.com\/wordpress\/?s={search_term_string}"},"query-input":{"@type":"PropertyValueSpecification","valueRequired":true,"valueName":"search_term_string"}}],"inLanguage":"es"},{"@type":"Organization","@id":"https:\/\/www.taxipmi.com\/wordpress\/#organization","name":"PMI TRANSFERS SL","url":"https:\/\/www.taxipmi.com\/wordpress\/","logo":{"@type":"ImageObject","inLanguage":"es","@id":"https:\/\/www.taxipmi.com\/wordpress\/#\/schema\/logo\/image\/","url":"https:\/\/www.taxipmi.com\/wordpress\/wp-content\/uploads\/2020\/03\/taxi-pmi.jpg","contentUrl":"https:\/\/www.taxipmi.com\/wordpress\/wp-content\/uploads\/2020\/03\/taxi-pmi.jpg","width":600,"height":600,"caption":"PMI TRANSFERS SL"},"image":{"@id":"https:\/\/www.taxipmi.com\/wordpress\/#\/schema\/logo\/image\/"},"sameAs":["https:\/\/www.facebook.com\/TAXIPMI\/","https:\/\/x.com\/taxipmi","https:\/\/www.instagram.com\/taxispmi\/","https:\/\/www.linkedin.com\/in\/alfonsopmi\/","https:\/\/www.youtube.com\/watch?v=iRwRpeWNNXg"]},{"@type":"Person","@id":"https:\/\/www.taxipmi.com\/wordpress\/#\/schema\/person\/ea7624966985bd37ca8de7bac9f84997","name":"Alfonso","image":{"@type":"ImageObject","inLanguage":"es","@id":"https:\/\/secure.gravatar.com\/avatar\/677cd0c4c1958c14f7a10c6b5500959ed45d4d2de04c41d9f104df2218fa4d6c?s=96&d=mm&r=g","url":"https:\/\/secure.gravatar.com\/avatar\/677cd0c4c1958c14f7a10c6b5500959ed45d4d2de04c41d9f104df2218fa4d6c?s=96&d=mm&r=g","contentUrl":"https:\/\/secure.gravatar.com\/avatar\/677cd0c4c1958c14f7a10c6b5500959ed45d4d2de04c41d9f104df2218fa4d6c?s=96&d=mm&r=g","caption":"Alfonso"},"sameAs":["https:\/\/www.taxipmi.com"]}]}},"_links":{"self":[{"href":"https:\/\/www.taxipmi.com\/wordpress\/wp-json\/wp\/v2\/posts\/461","targetHints":{"allow":["GET"]}}],"collection":[{"href":"https:\/\/www.taxipmi.com\/wordpress\/wp-json\/wp\/v2\/posts"}],"about":[{"href":"https:\/\/www.taxipmi.com\/wordpress\/wp-json\/wp\/v2\/types\/post"}],"author":[{"embeddable":true,"href":"https:\/\/www.taxipmi.com\/wordpress\/wp-json\/wp\/v2\/users\/1"}],"replies":[{"embeddable":true,"href":"https:\/\/www.taxipmi.com\/wordpress\/wp-json\/wp\/v2\/comments?post=461"}],"version-history":[{"count":1,"href":"https:\/\/www.taxipmi.com\/wordpress\/wp-json\/wp\/v2\/posts\/461\/revisions"}],"predecessor-version":[{"id":462,"href":"https:\/\/www.taxipmi.com\/wordpress\/wp-json\/wp\/v2\/posts\/461\/revisions\/462"}],"wp:attachment":[{"href":"https:\/\/www.taxipmi.com\/wordpress\/wp-json\/wp\/v2\/media?parent=461"}],"wp:term":[{"taxonomy":"category","embeddable":true,"href":"https:\/\/www.taxipmi.com\/wordpress\/wp-json\/wp\/v2\/categories?post=461"},{"taxonomy":"post_tag","embeddable":true,"href":"https:\/\/www.taxipmi.com\/wordpress\/wp-json\/wp\/v2\/tags?post=461"}],"curies":[{"name":"wp","href":"https:\/\/api.w.org\/{rel}","templated":true}]}}