{"id":827,"date":"2017-11-24T11:36:33","date_gmt":"2017-11-24T10:36:33","guid":{"rendered":"http:\/\/www.taxipmi.com\/wordpress\/?p=827"},"modified":"2017-11-24T11:36:33","modified_gmt":"2017-11-24T10:36:33","slug":"taxi-mallorca-flygplats","status":"publish","type":"post","link":"https:\/\/www.taxipmi.com\/wordpress\/taxi-mallorca-flygplats\/","title":{"rendered":"Taxi Mallorca flygplats"},"content":{"rendered":"<p><a id=\"rn532750825\" href=\"https:\/\/www.tripadvisor.es\/ShowUserReviews-g187463-d8646999-r532750825-Taxi_Pmi-Palma_de_Mallorca_Majorca_Balearic_Islands.html#REVIEWS\"><span class=\"noQuotes\">Otroligt bra service!<\/span><\/a><\/p>\n<p>\u00c5kte med Taxi PMI fr\u00e5n Palma flygplats till Alcudia, och tillbaka en vecka senare. Vi \u00e4r v\u00e4ldigt n\u00f6jda! Vid ankomst var v\u00e5r flygning f\u00f6rsenad och vi fick v\u00e4nta l\u00e4nge p\u00e5 bagaget. D\u00e5 ringde taxibolaget till mig och extrakollade att vi var p\u00e5 plats. Chauff\u00f6ren v\u00e4ntade p\u00e5 oss trots att vi var 1,5 h sena.<\/p>\n<p>Hemresan var chauff\u00f6ren i god tid f\u00f6r att h\u00e4mta oss. Bokad bilbarnstol fanns.<\/p>\n<p>Professionellt taxibolag, vi \u00e4r j\u00e4tten\u00f6jda!!<\/p>\n<p>http:\/\/www.taxipmi.com<\/p>\n","protected":false},"excerpt":{"rendered":"<p>Otroligt bra service! \u00c5kte med Taxi PMI fr\u00e5n Palma flygplats till Alcudia, och tillbaka en vecka senare. Vi \u00e4r v\u00e4ldigt n\u00f6jda! Vid ankomst var v\u00e5r flygning f\u00f6rsenad och vi fick v\u00e4nta l\u00e4nge p\u00e5 bagaget. D\u00e5 ringde taxibolaget till mig och &hellip; <a href=\"https:\/\/www.taxipmi.com\/wordpress\/taxi-mallorca-flygplats\/\">Sigue leyendo <span class=\"meta-nav\">&rarr;<\/span><\/a><\/p>\n","protected":false},"author":1,"featured_media":0,"comment_status":"open","ping_status":"open","sticky":false,"template":"","format":"standard","meta":{"_exactmetrics_skip_tracking":false,"_exactmetrics_sitenote_active":false,"_exactmetrics_sitenote_note":"","_exactmetrics_sitenote_category":0,"footnotes":""},"categories":[1],"tags":[],"class_list":["post-827","post","type-post","status-publish","format-standard","hentry","category-taxi-mallorca"],"yoast_head":"<!-- This site is optimized with the Yoast SEO plugin v27.5 - https:\/\/yoast.com\/product\/yoast-seo-wordpress\/ -->\n<title>Taxi Mallorca flygplats - TAXI PMI - Taxi Mallorca<\/title>\n<meta name=\"robots\" content=\"index, follow, max-snippet:-1, max-image-preview:large, max-video-preview:-1\" \/>\n<link rel=\"canonical\" href=\"https:\/\/www.taxipmi.com\/wordpress\/taxi-mallorca-flygplats\/\" \/>\n<meta property=\"og:locale\" content=\"es_ES\" \/>\n<meta property=\"og:type\" content=\"article\" \/>\n<meta property=\"og:title\" content=\"Taxi Mallorca flygplats - TAXI PMI - Taxi Mallorca\" \/>\n<meta property=\"og:description\" content=\"Otroligt bra service! \u00c5kte med Taxi PMI fr\u00e5n Palma flygplats till Alcudia, och tillbaka en vecka senare. Vi \u00e4r v\u00e4ldigt n\u00f6jda! Vid ankomst var v\u00e5r flygning f\u00f6rsenad och vi fick v\u00e4nta l\u00e4nge p\u00e5 bagaget. D\u00e5 ringde taxibolaget till mig och &hellip; Sigue leyendo &rarr;\" \/>\n<meta property=\"og:url\" content=\"https:\/\/www.taxipmi.com\/wordpress\/taxi-mallorca-flygplats\/\" \/>\n<meta property=\"og:site_name\" content=\"TAXI PMI - Taxi Mallorca\" \/>\n<meta property=\"article:publisher\" content=\"https:\/\/www.facebook.com\/TAXIPMI\/\" \/>\n<meta property=\"article:published_time\" content=\"2017-11-24T10:36:33+00:00\" \/>\n<meta name=\"author\" content=\"Alfonso\" \/>\n<meta name=\"twitter:card\" content=\"summary_large_image\" \/>\n<meta name=\"twitter:creator\" content=\"@taxipmi\" \/>\n<meta name=\"twitter:site\" content=\"@taxipmi\" \/>\n<meta name=\"twitter:label1\" content=\"Escrito por\" \/>\n\t<meta name=\"twitter:data1\" content=\"Alfonso\" \/>\n<script type=\"application\/ld+json\" class=\"yoast-schema-graph\">{\"@context\":\"https:\\\/\\\/schema.org\",\"@graph\":[{\"@type\":\"Article\",\"@id\":\"https:\\\/\\\/www.taxipmi.com\\\/wordpress\\\/taxi-mallorca-flygplats\\\/#article\",\"isPartOf\":{\"@id\":\"https:\\\/\\\/www.taxipmi.com\\\/wordpress\\\/taxi-mallorca-flygplats\\\/\"},\"author\":{\"name\":\"Alfonso\",\"@id\":\"https:\\\/\\\/www.taxipmi.com\\\/wordpress\\\/#\\\/schema\\\/person\\\/ea7624966985bd37ca8de7bac9f84997\"},\"headline\":\"Taxi Mallorca flygplats\",\"datePublished\":\"2017-11-24T10:36:33+00:00\",\"mainEntityOfPage\":{\"@id\":\"https:\\\/\\\/www.taxipmi.com\\\/wordpress\\\/taxi-mallorca-flygplats\\\/\"},\"wordCount\":95,\"commentCount\":0,\"publisher\":{\"@id\":\"https:\\\/\\\/www.taxipmi.com\\\/wordpress\\\/#organization\"},\"articleSection\":[\"PALMA AIRPORT TRANSFERS\"],\"inLanguage\":\"es\",\"potentialAction\":[{\"@type\":\"CommentAction\",\"name\":\"Comment\",\"target\":[\"https:\\\/\\\/www.taxipmi.com\\\/wordpress\\\/taxi-mallorca-flygplats\\\/#respond\"]}]},{\"@type\":\"WebPage\",\"@id\":\"https:\\\/\\\/www.taxipmi.com\\\/wordpress\\\/taxi-mallorca-flygplats\\\/\",\"url\":\"https:\\\/\\\/www.taxipmi.com\\\/wordpress\\\/taxi-mallorca-flygplats\\\/\",\"name\":\"Taxi Mallorca flygplats - TAXI PMI - Taxi Mallorca\",\"isPartOf\":{\"@id\":\"https:\\\/\\\/www.taxipmi.com\\\/wordpress\\\/#website\"},\"datePublished\":\"2017-11-24T10:36:33+00:00\",\"breadcrumb\":{\"@id\":\"https:\\\/\\\/www.taxipmi.com\\\/wordpress\\\/taxi-mallorca-flygplats\\\/#breadcrumb\"},\"inLanguage\":\"es\",\"potentialAction\":[{\"@type\":\"ReadAction\",\"target\":[\"https:\\\/\\\/www.taxipmi.com\\\/wordpress\\\/taxi-mallorca-flygplats\\\/\"]}]},{\"@type\":\"BreadcrumbList\",\"@id\":\"https:\\\/\\\/www.taxipmi.com\\\/wordpress\\\/taxi-mallorca-flygplats\\\/#breadcrumb\",\"itemListElement\":[{\"@type\":\"ListItem\",\"position\":1,\"name\":\"Portada\",\"item\":\"https:\\\/\\\/www.taxipmi.com\\\/wordpress\\\/\"},{\"@type\":\"ListItem\",\"position\":2,\"name\":\"Taxi Mallorca flygplats\"}]},{\"@type\":\"WebSite\",\"@id\":\"https:\\\/\\\/www.taxipmi.com\\\/wordpress\\\/#website\",\"url\":\"https:\\\/\\\/www.taxipmi.com\\\/wordpress\\\/\",\"name\":\"TAXI PMI - Taxi Mallorca\",\"description\":\"Taxi Palma airport - Taxi Palma flughafen\",\"publisher\":{\"@id\":\"https:\\\/\\\/www.taxipmi.com\\\/wordpress\\\/#organization\"},\"potentialAction\":[{\"@type\":\"SearchAction\",\"target\":{\"@type\":\"EntryPoint\",\"urlTemplate\":\"https:\\\/\\\/www.taxipmi.com\\\/wordpress\\\/?s={search_term_string}\"},\"query-input\":{\"@type\":\"PropertyValueSpecification\",\"valueRequired\":true,\"valueName\":\"search_term_string\"}}],\"inLanguage\":\"es\"},{\"@type\":\"Organization\",\"@id\":\"https:\\\/\\\/www.taxipmi.com\\\/wordpress\\\/#organization\",\"name\":\"PMI TRANSFERS SL\",\"url\":\"https:\\\/\\\/www.taxipmi.com\\\/wordpress\\\/\",\"logo\":{\"@type\":\"ImageObject\",\"inLanguage\":\"es\",\"@id\":\"https:\\\/\\\/www.taxipmi.com\\\/wordpress\\\/#\\\/schema\\\/logo\\\/image\\\/\",\"url\":\"https:\\\/\\\/www.taxipmi.com\\\/wordpress\\\/wp-content\\\/uploads\\\/2020\\\/03\\\/taxi-pmi.jpg\",\"contentUrl\":\"https:\\\/\\\/www.taxipmi.com\\\/wordpress\\\/wp-content\\\/uploads\\\/2020\\\/03\\\/taxi-pmi.jpg\",\"width\":600,\"height\":600,\"caption\":\"PMI TRANSFERS SL\"},\"image\":{\"@id\":\"https:\\\/\\\/www.taxipmi.com\\\/wordpress\\\/#\\\/schema\\\/logo\\\/image\\\/\"},\"sameAs\":[\"https:\\\/\\\/www.facebook.com\\\/TAXIPMI\\\/\",\"https:\\\/\\\/x.com\\\/taxipmi\",\"https:\\\/\\\/www.instagram.com\\\/taxispmi\\\/\",\"https:\\\/\\\/www.linkedin.com\\\/in\\\/alfonsopmi\\\/\",\"https:\\\/\\\/www.youtube.com\\\/watch?v=iRwRpeWNNXg\"]},{\"@type\":\"Person\",\"@id\":\"https:\\\/\\\/www.taxipmi.com\\\/wordpress\\\/#\\\/schema\\\/person\\\/ea7624966985bd37ca8de7bac9f84997\",\"name\":\"Alfonso\",\"image\":{\"@type\":\"ImageObject\",\"inLanguage\":\"es\",\"@id\":\"https:\\\/\\\/secure.gravatar.com\\\/avatar\\\/677cd0c4c1958c14f7a10c6b5500959ed45d4d2de04c41d9f104df2218fa4d6c?s=96&d=mm&r=g\",\"url\":\"https:\\\/\\\/secure.gravatar.com\\\/avatar\\\/677cd0c4c1958c14f7a10c6b5500959ed45d4d2de04c41d9f104df2218fa4d6c?s=96&d=mm&r=g\",\"contentUrl\":\"https:\\\/\\\/secure.gravatar.com\\\/avatar\\\/677cd0c4c1958c14f7a10c6b5500959ed45d4d2de04c41d9f104df2218fa4d6c?s=96&d=mm&r=g\",\"caption\":\"Alfonso\"},\"sameAs\":[\"https:\\\/\\\/www.taxipmi.com\"]}]}<\/script>\n<!-- \/ Yoast SEO plugin. -->","yoast_head_json":{"title":"Taxi Mallorca flygplats - TAXI PMI - Taxi Mallorca","robots":{"index":"index","follow":"follow","max-snippet":"max-snippet:-1","max-image-preview":"max-image-preview:large","max-video-preview":"max-video-preview:-1"},"canonical":"https:\/\/www.taxipmi.com\/wordpress\/taxi-mallorca-flygplats\/","og_locale":"es_ES","og_type":"article","og_title":"Taxi Mallorca flygplats - TAXI PMI - Taxi Mallorca","og_description":"Otroligt bra service! \u00c5kte med Taxi PMI fr\u00e5n Palma flygplats till Alcudia, och tillbaka en vecka senare. Vi \u00e4r v\u00e4ldigt n\u00f6jda! Vid ankomst var v\u00e5r flygning f\u00f6rsenad och vi fick v\u00e4nta l\u00e4nge p\u00e5 bagaget. D\u00e5 ringde taxibolaget till mig och &hellip; Sigue leyendo &rarr;","og_url":"https:\/\/www.taxipmi.com\/wordpress\/taxi-mallorca-flygplats\/","og_site_name":"TAXI PMI - Taxi Mallorca","article_publisher":"https:\/\/www.facebook.com\/TAXIPMI\/","article_published_time":"2017-11-24T10:36:33+00:00","author":"Alfonso","twitter_card":"summary_large_image","twitter_creator":"@taxipmi","twitter_site":"@taxipmi","twitter_misc":{"Escrito por":"Alfonso"},"schema":{"@context":"https:\/\/schema.org","@graph":[{"@type":"Article","@id":"https:\/\/www.taxipmi.com\/wordpress\/taxi-mallorca-flygplats\/#article","isPartOf":{"@id":"https:\/\/www.taxipmi.com\/wordpress\/taxi-mallorca-flygplats\/"},"author":{"name":"Alfonso","@id":"https:\/\/www.taxipmi.com\/wordpress\/#\/schema\/person\/ea7624966985bd37ca8de7bac9f84997"},"headline":"Taxi Mallorca flygplats","datePublished":"2017-11-24T10:36:33+00:00","mainEntityOfPage":{"@id":"https:\/\/www.taxipmi.com\/wordpress\/taxi-mallorca-flygplats\/"},"wordCount":95,"commentCount":0,"publisher":{"@id":"https:\/\/www.taxipmi.com\/wordpress\/#organization"},"articleSection":["PALMA AIRPORT TRANSFERS"],"inLanguage":"es","potentialAction":[{"@type":"CommentAction","name":"Comment","target":["https:\/\/www.taxipmi.com\/wordpress\/taxi-mallorca-flygplats\/#respond"]}]},{"@type":"WebPage","@id":"https:\/\/www.taxipmi.com\/wordpress\/taxi-mallorca-flygplats\/","url":"https:\/\/www.taxipmi.com\/wordpress\/taxi-mallorca-flygplats\/","name":"Taxi Mallorca flygplats - TAXI PMI - Taxi Mallorca","isPartOf":{"@id":"https:\/\/www.taxipmi.com\/wordpress\/#website"},"datePublished":"2017-11-24T10:36:33+00:00","breadcrumb":{"@id":"https:\/\/www.taxipmi.com\/wordpress\/taxi-mallorca-flygplats\/#breadcrumb"},"inLanguage":"es","potentialAction":[{"@type":"ReadAction","target":["https:\/\/www.taxipmi.com\/wordpress\/taxi-mallorca-flygplats\/"]}]},{"@type":"BreadcrumbList","@id":"https:\/\/www.taxipmi.com\/wordpress\/taxi-mallorca-flygplats\/#breadcrumb","itemListElement":[{"@type":"ListItem","position":1,"name":"Portada","item":"https:\/\/www.taxipmi.com\/wordpress\/"},{"@type":"ListItem","position":2,"name":"Taxi Mallorca flygplats"}]},{"@type":"WebSite","@id":"https:\/\/www.taxipmi.com\/wordpress\/#website","url":"https:\/\/www.taxipmi.com\/wordpress\/","name":"TAXI PMI - Taxi Mallorca","description":"Taxi Palma airport - Taxi Palma flughafen","publisher":{"@id":"https:\/\/www.taxipmi.com\/wordpress\/#organization"},"potentialAction":[{"@type":"SearchAction","target":{"@type":"EntryPoint","urlTemplate":"https:\/\/www.taxipmi.com\/wordpress\/?s={search_term_string}"},"query-input":{"@type":"PropertyValueSpecification","valueRequired":true,"valueName":"search_term_string"}}],"inLanguage":"es"},{"@type":"Organization","@id":"https:\/\/www.taxipmi.com\/wordpress\/#organization","name":"PMI TRANSFERS SL","url":"https:\/\/www.taxipmi.com\/wordpress\/","logo":{"@type":"ImageObject","inLanguage":"es","@id":"https:\/\/www.taxipmi.com\/wordpress\/#\/schema\/logo\/image\/","url":"https:\/\/www.taxipmi.com\/wordpress\/wp-content\/uploads\/2020\/03\/taxi-pmi.jpg","contentUrl":"https:\/\/www.taxipmi.com\/wordpress\/wp-content\/uploads\/2020\/03\/taxi-pmi.jpg","width":600,"height":600,"caption":"PMI TRANSFERS SL"},"image":{"@id":"https:\/\/www.taxipmi.com\/wordpress\/#\/schema\/logo\/image\/"},"sameAs":["https:\/\/www.facebook.com\/TAXIPMI\/","https:\/\/x.com\/taxipmi","https:\/\/www.instagram.com\/taxispmi\/","https:\/\/www.linkedin.com\/in\/alfonsopmi\/","https:\/\/www.youtube.com\/watch?v=iRwRpeWNNXg"]},{"@type":"Person","@id":"https:\/\/www.taxipmi.com\/wordpress\/#\/schema\/person\/ea7624966985bd37ca8de7bac9f84997","name":"Alfonso","image":{"@type":"ImageObject","inLanguage":"es","@id":"https:\/\/secure.gravatar.com\/avatar\/677cd0c4c1958c14f7a10c6b5500959ed45d4d2de04c41d9f104df2218fa4d6c?s=96&d=mm&r=g","url":"https:\/\/secure.gravatar.com\/avatar\/677cd0c4c1958c14f7a10c6b5500959ed45d4d2de04c41d9f104df2218fa4d6c?s=96&d=mm&r=g","contentUrl":"https:\/\/secure.gravatar.com\/avatar\/677cd0c4c1958c14f7a10c6b5500959ed45d4d2de04c41d9f104df2218fa4d6c?s=96&d=mm&r=g","caption":"Alfonso"},"sameAs":["https:\/\/www.taxipmi.com"]}]}},"_links":{"self":[{"href":"https:\/\/www.taxipmi.com\/wordpress\/wp-json\/wp\/v2\/posts\/827","targetHints":{"allow":["GET"]}}],"collection":[{"href":"https:\/\/www.taxipmi.com\/wordpress\/wp-json\/wp\/v2\/posts"}],"about":[{"href":"https:\/\/www.taxipmi.com\/wordpress\/wp-json\/wp\/v2\/types\/post"}],"author":[{"embeddable":true,"href":"https:\/\/www.taxipmi.com\/wordpress\/wp-json\/wp\/v2\/users\/1"}],"replies":[{"embeddable":true,"href":"https:\/\/www.taxipmi.com\/wordpress\/wp-json\/wp\/v2\/comments?post=827"}],"version-history":[{"count":1,"href":"https:\/\/www.taxipmi.com\/wordpress\/wp-json\/wp\/v2\/posts\/827\/revisions"}],"predecessor-version":[{"id":828,"href":"https:\/\/www.taxipmi.com\/wordpress\/wp-json\/wp\/v2\/posts\/827\/revisions\/828"}],"wp:attachment":[{"href":"https:\/\/www.taxipmi.com\/wordpress\/wp-json\/wp\/v2\/media?parent=827"}],"wp:term":[{"taxonomy":"category","embeddable":true,"href":"https:\/\/www.taxipmi.com\/wordpress\/wp-json\/wp\/v2\/categories?post=827"},{"taxonomy":"post_tag","embeddable":true,"href":"https:\/\/www.taxipmi.com\/wordpress\/wp-json\/wp\/v2\/tags?post=827"}],"curies":[{"name":"wp","href":"https:\/\/api.w.org\/{rel}","templated":true}]}}